{"id":3814,"date":"2023-08-16T18:17:05","date_gmt":"2023-08-16T21:17:05","guid":{"rendered":"https:\/\/nordesteimprensa.com.br\/?p=3814"},"modified":"2023-08-16T18:17:05","modified_gmt":"2023-08-16T21:17:05","slug":"pm-prende-homem-por-suspeita-de-carcere-privado-em-simao-dias","status":"publish","type":"post","link":"https:\/\/nordesteimprensa.com.br\/index.php\/2023\/08\/16\/pm-prende-homem-por-suspeita-de-carcere-privado-em-simao-dias\/","title":{"rendered":"PM prende homem por suspeita de c\u00e1rcere privado em Sim\u00e3o Dias"},"content":{"rendered":"\n<p>Na noite da \u00faltima ter\u00e7a-feira, 15, policiais da 4\u00aa Companhia Independente de Pol\u00edcia Militar (4\u00aa CIPM) prenderam um suspeito de c\u00e1rcere privado em Sim\u00e3o Dias, regi\u00e3o Centro-Sul de Sergipe.<\/p>\n\n\n\n<p>\u201c\u00c0s 23h20, os militares foram informados de que uma mulher era mantida presa em casa pelo companheiro. Assim que chegaram ao endere\u00e7o, localizaram a v\u00edtima que confirmou a den\u00fancia\u201d, relatou a PM.<\/p>\n\n\n\n<p>A Pol\u00edcia ainda ressaltou que, de acordo com os relatos, ela era amea\u00e7ada de morte, e as intimida\u00e7\u00f5es tamb\u00e9m eram extensivas para toda fam\u00edlia. Sendo assim, o suspeito foi preso e o caso encaminhado \u00e0 delegacia.<\/p>\n","protected":false},"excerpt":{"rendered":"<p>Na noite da \u00faltima ter\u00e7a-feira, 15, policiais da 4\u00aa Companhia Independente de Pol\u00edcia Militar (4\u00aa CIPM) prenderam um suspeito de c\u00e1rcere privado em Sim\u00e3o Dias, regi\u00e3o Centro-Sul de Sergipe. \u201c\u00c0s 23h20, os militares foram informados de que uma mulher era mantida presa em casa pelo companheiro. Assim que chegaram ao endere\u00e7o, localizaram a v\u00edtima que [&hellip;]<\/p>\n","protected":false},"author":6,"featured_media":3815,"comment_status":"open","ping_status":"open","sticky":false,"template":"","format":"standard","meta":{"footnotes":""},"categories":[10],"tags":[],"class_list":{"0":"post-3814","1":"post","2":"type-post","3":"status-publish","4":"format-standard","5":"has-post-thumbnail","7":"category-theme-features"},"_links":{"self":[{"href":"https:\/\/nordesteimprensa.com.br\/index.php\/wp-json\/wp\/v2\/posts\/3814","targetHints":{"allow":["GET"]}}],"collection":[{"href":"https:\/\/nordesteimprensa.com.br\/index.php\/wp-json\/wp\/v2\/posts"}],"about":[{"href":"https:\/\/nordesteimprensa.com.br\/index.php\/wp-json\/wp\/v2\/types\/post"}],"author":[{"embeddable":true,"href":"https:\/\/nordesteimprensa.com.br\/index.php\/wp-json\/wp\/v2\/users\/6"}],"replies":[{"embeddable":true,"href":"https:\/\/nordesteimprensa.com.br\/index.php\/wp-json\/wp\/v2\/comments?post=3814"}],"version-history":[{"count":1,"href":"https:\/\/nordesteimprensa.com.br\/index.php\/wp-json\/wp\/v2\/posts\/3814\/revisions"}],"predecessor-version":[{"id":3816,"href":"https:\/\/nordesteimprensa.com.br\/index.php\/wp-json\/wp\/v2\/posts\/3814\/revisions\/3816"}],"wp:featuredmedia":[{"embeddable":true,"href":"https:\/\/nordesteimprensa.com.br\/index.php\/wp-json\/wp\/v2\/media\/3815"}],"wp:attachment":[{"href":"https:\/\/nordesteimprensa.com.br\/index.php\/wp-json\/wp\/v2\/media?parent=3814"}],"wp:term":[{"taxonomy":"category","embeddable":true,"href":"https:\/\/nordesteimprensa.com.br\/index.php\/wp-json\/wp\/v2\/categories?post=3814"},{"taxonomy":"post_tag","embeddable":true,"href":"https:\/\/nordesteimprensa.com.br\/index.php\/wp-json\/wp\/v2\/tags?post=3814"}],"curies":[{"name":"wp","href":"https:\/\/api.w.org\/{rel}","templated":true}]}}