{"id":3817,"date":"2023-08-16T18:18:47","date_gmt":"2023-08-16T21:18:47","guid":{"rendered":"https:\/\/nordesteimprensa.com.br\/?p=3817"},"modified":"2023-08-16T18:18:49","modified_gmt":"2023-08-16T21:18:49","slug":"cinco-pessoas-sao-indiciadas-pela-morte-de-mulher-atingida-no-pescoco-por-linha-de-pipa-com-cerol-em-aracaju","status":"publish","type":"post","link":"https:\/\/nordesteimprensa.com.br\/index.php\/2023\/08\/16\/cinco-pessoas-sao-indiciadas-pela-morte-de-mulher-atingida-no-pescoco-por-linha-de-pipa-com-cerol-em-aracaju\/","title":{"rendered":"Cinco pessoas s\u00e3o indiciadas pela morte de mulher atingida no pesco\u00e7o por linha de pipa com cerol em Aracaju"},"content":{"rendered":"\n<p>Cinco pessoas foram indiciadas pela\u00a0<a class=\"\" href=\"https:\/\/g1.globo.com\/se\/sergipe\/noticia\/2021\/11\/15\/mulher-morre-apos-ser-atingida-no-pescoco-por-linha-de-pipa-com-cerol-em-aracaju.ghtml\">morte de uma mulher atingida no pesco\u00e7o por linha de pipa com cerol em Aracaju<\/a>. A informa\u00e7\u00e3o foi divulgada pela Pol\u00edcia Civil nesta quarta-feira (16), ap\u00f3s conclus\u00e3o das investiga\u00e7\u00f5es<br><\/p>\n\n\n\n<p>De acordo com a pol\u00edcia, uma das pessoas foi indiciada por homic\u00eddio culposo, e os demais envolvidos pelo crime de expor a vida e a sa\u00fade de pessoas a perigo direto e iminente. Os indiciados foram flagrados participando de uma competi\u00e7\u00e3o de pipas na Barra dos Coqueiros, Regi\u00e3o Metropolitana. Exames realizados pelos Institutos de Criminal\u00edstica e de An\u00e1lise de Pesquisas Forenses conclu\u00edram que havia material biol\u00f3gico de um dos envolvidos em um fragmento de pipa recolhido no local da morte.<br><\/p>\n\n\n\n<p>Fonte: G1 SE<\/p>\n\n\n\n<p><\/p>\n\n\n\n<p><\/p>\n\n\n\n<p><\/p>\n\n\n\n<p><\/p>\n","protected":false},"excerpt":{"rendered":"<p>Cinco pessoas foram indiciadas pela\u00a0morte de uma mulher atingida no pesco\u00e7o por linha de pipa com cerol em Aracaju. A informa\u00e7\u00e3o foi divulgada pela Pol\u00edcia Civil nesta quarta-feira (16), ap\u00f3s conclus\u00e3o das investiga\u00e7\u00f5es De acordo com a pol\u00edcia, uma das pessoas foi indiciada por homic\u00eddio culposo, e os demais envolvidos pelo crime de expor a [&hellip;]<\/p>\n","protected":false},"author":6,"featured_media":3818,"comment_status":"open","ping_status":"open","sticky":false,"template":"","format":"standard","meta":{"footnotes":""},"categories":[10],"tags":[],"class_list":{"0":"post-3817","1":"post","2":"type-post","3":"status-publish","4":"format-standard","5":"has-post-thumbnail","7":"category-theme-features"},"_links":{"self":[{"href":"https:\/\/nordesteimprensa.com.br\/index.php\/wp-json\/wp\/v2\/posts\/3817","targetHints":{"allow":["GET"]}}],"collection":[{"href":"https:\/\/nordesteimprensa.com.br\/index.php\/wp-json\/wp\/v2\/posts"}],"about":[{"href":"https:\/\/nordesteimprensa.com.br\/index.php\/wp-json\/wp\/v2\/types\/post"}],"author":[{"embeddable":true,"href":"https:\/\/nordesteimprensa.com.br\/index.php\/wp-json\/wp\/v2\/users\/6"}],"replies":[{"embeddable":true,"href":"https:\/\/nordesteimprensa.com.br\/index.php\/wp-json\/wp\/v2\/comments?post=3817"}],"version-history":[{"count":1,"href":"https:\/\/nordesteimprensa.com.br\/index.php\/wp-json\/wp\/v2\/posts\/3817\/revisions"}],"predecessor-version":[{"id":3819,"href":"https:\/\/nordesteimprensa.com.br\/index.php\/wp-json\/wp\/v2\/posts\/3817\/revisions\/3819"}],"wp:featuredmedia":[{"embeddable":true,"href":"https:\/\/nordesteimprensa.com.br\/index.php\/wp-json\/wp\/v2\/media\/3818"}],"wp:attachment":[{"href":"https:\/\/nordesteimprensa.com.br\/index.php\/wp-json\/wp\/v2\/media?parent=3817"}],"wp:term":[{"taxonomy":"category","embeddable":true,"href":"https:\/\/nordesteimprensa.com.br\/index.php\/wp-json\/wp\/v2\/categories?post=3817"},{"taxonomy":"post_tag","embeddable":true,"href":"https:\/\/nordesteimprensa.com.br\/index.php\/wp-json\/wp\/v2\/tags?post=3817"}],"curies":[{"name":"wp","href":"https:\/\/api.w.org\/{rel}","templated":true}]}}