{"id":3826,"date":"2023-08-17T13:23:06","date_gmt":"2023-08-17T16:23:06","guid":{"rendered":"https:\/\/nordesteimprensa.com.br\/?p=3826"},"modified":"2023-08-17T13:23:07","modified_gmt":"2023-08-17T16:23:07","slug":"advogado-e-indiciado-por-importunacao-sexual-em-festa-no-interior-de-se","status":"publish","type":"post","link":"https:\/\/nordesteimprensa.com.br\/index.php\/2023\/08\/17\/advogado-e-indiciado-por-importunacao-sexual-em-festa-no-interior-de-se\/","title":{"rendered":"Advogado \u00e9 indiciado por importuna\u00e7\u00e3o sexual em festa no interior de SE"},"content":{"rendered":"\n<p>A Pol\u00edcia Civil concluiu o inqu\u00e9rito que investigou casos de importuna\u00e7\u00e3o contra mulheres, que teriam sido pr\u00e1ticos por um advogado durante uma festa junina&nbsp;no munic\u00edpio de&nbsp;Ros\u00e1rio do Catete. O advogado foi indiciado por importuna\u00e7\u00e3o sexual e vai responder pelo crime na Justi\u00e7a. As informa\u00e7\u00f5es foram divulgadas pela Pol\u00edcia Civil na \u00faltima quarta-feira, 16.<\/p>\n\n\n\n<p>O advogado, de 42 anos, foi preso por policiais militares e civis, no dia 18 de junho. As investiga\u00e7\u00f5es apontaram que pelo menos duas v\u00edtimas foram abordadas por ele quando estavam na fila do banheiro.<\/p>\n\n\n\n<p>Durante as investiga\u00e7\u00f5es, sete pessoas foram ouvidas, entre elas, os seguran\u00e7as da festa. Segundo a Pol\u00edcia Civil, eles afirmaram que antes de importunar as mulheres, o advogado j\u00e1 estava jogando lama nelas com seu carro, no estacionamento do camarote. Com a conclus\u00e3o do inqu\u00e9rito, o caso vai ser remetido \u00e0 Justi\u00e7a.<\/p>\n\n\n\n<p>Fonte: G1 SE<\/p>\n","protected":false},"excerpt":{"rendered":"<p>A Pol\u00edcia Civil concluiu o inqu\u00e9rito que investigou casos de importuna\u00e7\u00e3o contra mulheres, que teriam sido pr\u00e1ticos por um advogado durante uma festa junina&nbsp;no munic\u00edpio de&nbsp;Ros\u00e1rio do Catete. O advogado foi indiciado por importuna\u00e7\u00e3o sexual e vai responder pelo crime na Justi\u00e7a. As informa\u00e7\u00f5es foram divulgadas pela Pol\u00edcia Civil na \u00faltima quarta-feira, 16. O advogado, [&hellip;]<\/p>\n","protected":false},"author":6,"featured_media":3827,"comment_status":"open","ping_status":"open","sticky":false,"template":"","format":"standard","meta":{"footnotes":""},"categories":[10],"tags":[],"class_list":{"0":"post-3826","1":"post","2":"type-post","3":"status-publish","4":"format-standard","5":"has-post-thumbnail","7":"category-theme-features"},"_links":{"self":[{"href":"https:\/\/nordesteimprensa.com.br\/index.php\/wp-json\/wp\/v2\/posts\/3826","targetHints":{"allow":["GET"]}}],"collection":[{"href":"https:\/\/nordesteimprensa.com.br\/index.php\/wp-json\/wp\/v2\/posts"}],"about":[{"href":"https:\/\/nordesteimprensa.com.br\/index.php\/wp-json\/wp\/v2\/types\/post"}],"author":[{"embeddable":true,"href":"https:\/\/nordesteimprensa.com.br\/index.php\/wp-json\/wp\/v2\/users\/6"}],"replies":[{"embeddable":true,"href":"https:\/\/nordesteimprensa.com.br\/index.php\/wp-json\/wp\/v2\/comments?post=3826"}],"version-history":[{"count":1,"href":"https:\/\/nordesteimprensa.com.br\/index.php\/wp-json\/wp\/v2\/posts\/3826\/revisions"}],"predecessor-version":[{"id":3828,"href":"https:\/\/nordesteimprensa.com.br\/index.php\/wp-json\/wp\/v2\/posts\/3826\/revisions\/3828"}],"wp:featuredmedia":[{"embeddable":true,"href":"https:\/\/nordesteimprensa.com.br\/index.php\/wp-json\/wp\/v2\/media\/3827"}],"wp:attachment":[{"href":"https:\/\/nordesteimprensa.com.br\/index.php\/wp-json\/wp\/v2\/media?parent=3826"}],"wp:term":[{"taxonomy":"category","embeddable":true,"href":"https:\/\/nordesteimprensa.com.br\/index.php\/wp-json\/wp\/v2\/categories?post=3826"},{"taxonomy":"post_tag","embeddable":true,"href":"https:\/\/nordesteimprensa.com.br\/index.php\/wp-json\/wp\/v2\/tags?post=3826"}],"curies":[{"name":"wp","href":"https:\/\/api.w.org\/{rel}","templated":true}]}}