{"id":3838,"date":"2023-11-22T16:37:28","date_gmt":"2023-11-22T19:37:28","guid":{"rendered":"https:\/\/nordesteimprensa.com.br\/?p=3838"},"modified":"2023-11-22T16:37:28","modified_gmt":"2023-11-22T19:37:28","slug":"adolescente-e-vitima-de-homicidio-por-ciumes-em-malhador-o-suspeito-seu-parente-esta-foragido","status":"publish","type":"post","link":"https:\/\/nordesteimprensa.com.br\/index.php\/2023\/11\/22\/adolescente-e-vitima-de-homicidio-por-ciumes-em-malhador-o-suspeito-seu-parente-esta-foragido\/","title":{"rendered":"Adolescente \u00e9 v\u00edtima de homic\u00eddio por ci\u00fames em Malhador; o suspeito, seu parente, est\u00e1 foragido"},"content":{"rendered":"\n<p>Na manh\u00e3 desta quarta-feira, 22, um homic\u00eddio cometido com uso de arma de fogo foi registrado no munic\u00edpio de Malhador. De acordo com informa\u00e7\u00f5es preliminares da 3\u00aa Cia do 3\u00ba Batalh\u00e3o da Pol\u00edcia Militar (BPM), a v\u00edtima, um adolescente, \u00e9 parente do suspeito.<\/p>\n\n\n\n<p>Ainda conforme o que j\u00e1 foi apurado, a motiva\u00e7\u00e3o do autor dos disparos teria sido por ci\u00fames da namorada. A v\u00edtima foi morta na \u00e1rea interna da resid\u00eancia do pai do investigado<\/p>\n\n\n\n<p>fonte: Itnet<\/p>\n\n\n\n<p><\/p>\n\n\n\n<p><\/p>\n\n\n\n<p><\/p>\n\n\n\n<p><\/p>\n\n\n\n<p><\/p>\n","protected":false},"excerpt":{"rendered":"<p>Na manh\u00e3 desta quarta-feira, 22, um homic\u00eddio cometido com uso de arma de fogo foi registrado no munic\u00edpio de Malhador. De acordo com informa\u00e7\u00f5es preliminares da 3\u00aa Cia do 3\u00ba Batalh\u00e3o da Pol\u00edcia Militar (BPM), a v\u00edtima, um adolescente, \u00e9 parente do suspeito. Ainda conforme o que j\u00e1 foi apurado, a motiva\u00e7\u00e3o do autor dos [&hellip;]<\/p>\n","protected":false},"author":1,"featured_media":3839,"comment_status":"open","ping_status":"open","sticky":false,"template":"","format":"standard","meta":{"footnotes":""},"categories":[10],"tags":[],"class_list":{"0":"post-3838","1":"post","2":"type-post","3":"status-publish","4":"format-standard","5":"has-post-thumbnail","7":"category-theme-features"},"_links":{"self":[{"href":"https:\/\/nordesteimprensa.com.br\/index.php\/wp-json\/wp\/v2\/posts\/3838","targetHints":{"allow":["GET"]}}],"collection":[{"href":"https:\/\/nordesteimprensa.com.br\/index.php\/wp-json\/wp\/v2\/posts"}],"about":[{"href":"https:\/\/nordesteimprensa.com.br\/index.php\/wp-json\/wp\/v2\/types\/post"}],"author":[{"embeddable":true,"href":"https:\/\/nordesteimprensa.com.br\/index.php\/wp-json\/wp\/v2\/users\/1"}],"replies":[{"embeddable":true,"href":"https:\/\/nordesteimprensa.com.br\/index.php\/wp-json\/wp\/v2\/comments?post=3838"}],"version-history":[{"count":1,"href":"https:\/\/nordesteimprensa.com.br\/index.php\/wp-json\/wp\/v2\/posts\/3838\/revisions"}],"predecessor-version":[{"id":3840,"href":"https:\/\/nordesteimprensa.com.br\/index.php\/wp-json\/wp\/v2\/posts\/3838\/revisions\/3840"}],"wp:featuredmedia":[{"embeddable":true,"href":"https:\/\/nordesteimprensa.com.br\/index.php\/wp-json\/wp\/v2\/media\/3839"}],"wp:attachment":[{"href":"https:\/\/nordesteimprensa.com.br\/index.php\/wp-json\/wp\/v2\/media?parent=3838"}],"wp:term":[{"taxonomy":"category","embeddable":true,"href":"https:\/\/nordesteimprensa.com.br\/index.php\/wp-json\/wp\/v2\/categories?post=3838"},{"taxonomy":"post_tag","embeddable":true,"href":"https:\/\/nordesteimprensa.com.br\/index.php\/wp-json\/wp\/v2\/tags?post=3838"}],"curies":[{"name":"wp","href":"https:\/\/api.w.org\/{rel}","templated":true}]}}