{"id":3844,"date":"2023-11-23T17:45:58","date_gmt":"2023-11-23T20:45:58","guid":{"rendered":"https:\/\/nordesteimprensa.com.br\/?p=3844"},"modified":"2023-11-23T17:45:59","modified_gmt":"2023-11-23T20:45:59","slug":"estudantes-ficam-feridos-apos-escada-de-salao-de-festas-desabar-durante-ensaio-de-formatura-em-aracaju","status":"publish","type":"post","link":"https:\/\/nordesteimprensa.com.br\/index.php\/2023\/11\/23\/estudantes-ficam-feridos-apos-escada-de-salao-de-festas-desabar-durante-ensaio-de-formatura-em-aracaju\/","title":{"rendered":"Estudantes ficam feridos ap\u00f3s escada de sal\u00e3o de festas desabar durante ensaio de formatura em Aracaju"},"content":{"rendered":"\n<p>Uma escada de um sal\u00e3o de festas no Bairro Atalaia, Zona Sul de&nbsp;<a class=\"\" href=\"https:\/\/g1.globo.com\/se\/sergipe\/cidade\/aracaju\/\">Aracaju<\/a>, desabou durante um ensaio para a formatura do ensino m\u00e9dio de uma escola particular da capital nessa quarta-feira (22). Segundo pais de alunos, cerca de 60 pessoas estavam no local e alguns ficaram feridos.&nbsp;<\/p>\n\n\n\n<blockquote class=\"wp-block-quote is-layout-flow wp-block-quote-is-layout-flow\">\n<p>\u201cNingu\u00e9m morreu porque n\u00e3o tinha ningu\u00e9m embaixo da escada. Mas toda a estrutura cedeu. E agora, os adolescentes est\u00e3o todos abalados e far\u00e3o a festa em outro local, pois ali n\u00e3o ter\u00e3o condi\u00e7\u00f5es\u201d, disse a m\u00e3e de um dos alunos, que estava no ensaio, mas n\u00e3o ficou ferido.<\/p>\n<\/blockquote>\n\n\n\n<p>Ainda segundo ela, duas alunas sofreram tor\u00e7\u00f5es nos p\u00e9s e est\u00e3o com botas ortop\u00e9dicas, uma outra bateu o abd\u00f4men, e alguns alunos se cortaram. Eles foram levados pelos pr\u00f3prios pais para um hospital na capital. A aula da saudade da turma, que aconteceria na escola nesta quinta-feira (23), foi adiada porque alguns estudantes est\u00e3o de repouso.&nbsp;<\/p>\n\n\n\n<p>A escada \u00e9 de metal e tem base de alvenaria. O Corpo de Bombeiros Militar isolou a \u00e1rea e encaminhou relat\u00f3rio para que seja realizada fiscaliza\u00e7\u00e3o no local.&nbsp;<\/p>\n\n\n\n<p>fonte: G1 SE<\/p>\n\n\n\n<p><\/p>\n\n\n\n<p><\/p>\n\n\n\n<p><\/p>\n\n\n\n<p><\/p>\n\n\n\n<p><\/p>\n","protected":false},"excerpt":{"rendered":"<p>Uma escada de um sal\u00e3o de festas no Bairro Atalaia, Zona Sul de&nbsp;Aracaju, desabou durante um ensaio para a formatura do ensino m\u00e9dio de uma escola particular da capital nessa quarta-feira (22). Segundo pais de alunos, cerca de 60 pessoas estavam no local e alguns ficaram feridos.&nbsp; \u201cNingu\u00e9m morreu porque n\u00e3o tinha ningu\u00e9m embaixo da [&hellip;]<\/p>\n","protected":false},"author":1,"featured_media":3845,"comment_status":"open","ping_status":"open","sticky":false,"template":"","format":"standard","meta":{"footnotes":""},"categories":[10],"tags":[],"class_list":{"0":"post-3844","1":"post","2":"type-post","3":"status-publish","4":"format-standard","5":"has-post-thumbnail","7":"category-theme-features"},"_links":{"self":[{"href":"https:\/\/nordesteimprensa.com.br\/index.php\/wp-json\/wp\/v2\/posts\/3844","targetHints":{"allow":["GET"]}}],"collection":[{"href":"https:\/\/nordesteimprensa.com.br\/index.php\/wp-json\/wp\/v2\/posts"}],"about":[{"href":"https:\/\/nordesteimprensa.com.br\/index.php\/wp-json\/wp\/v2\/types\/post"}],"author":[{"embeddable":true,"href":"https:\/\/nordesteimprensa.com.br\/index.php\/wp-json\/wp\/v2\/users\/1"}],"replies":[{"embeddable":true,"href":"https:\/\/nordesteimprensa.com.br\/index.php\/wp-json\/wp\/v2\/comments?post=3844"}],"version-history":[{"count":1,"href":"https:\/\/nordesteimprensa.com.br\/index.php\/wp-json\/wp\/v2\/posts\/3844\/revisions"}],"predecessor-version":[{"id":3846,"href":"https:\/\/nordesteimprensa.com.br\/index.php\/wp-json\/wp\/v2\/posts\/3844\/revisions\/3846"}],"wp:featuredmedia":[{"embeddable":true,"href":"https:\/\/nordesteimprensa.com.br\/index.php\/wp-json\/wp\/v2\/media\/3845"}],"wp:attachment":[{"href":"https:\/\/nordesteimprensa.com.br\/index.php\/wp-json\/wp\/v2\/media?parent=3844"}],"wp:term":[{"taxonomy":"category","embeddable":true,"href":"https:\/\/nordesteimprensa.com.br\/index.php\/wp-json\/wp\/v2\/categories?post=3844"},{"taxonomy":"post_tag","embeddable":true,"href":"https:\/\/nordesteimprensa.com.br\/index.php\/wp-json\/wp\/v2\/tags?post=3844"}],"curies":[{"name":"wp","href":"https:\/\/api.w.org\/{rel}","templated":true}]}}