{"id":3847,"date":"2023-11-23T17:47:58","date_gmt":"2023-11-23T20:47:58","guid":{"rendered":"https:\/\/nordesteimprensa.com.br\/?p=3847"},"modified":"2023-11-23T17:47:58","modified_gmt":"2023-11-23T20:47:58","slug":"pf-faz-operacao-contra-abuso-sexual-infantil-em-24-estados-e-no-df","status":"publish","type":"post","link":"https:\/\/nordesteimprensa.com.br\/index.php\/2023\/11\/23\/pf-faz-operacao-contra-abuso-sexual-infantil-em-24-estados-e-no-df\/","title":{"rendered":"PF faz opera\u00e7\u00e3o contra abuso sexual infantil em 24 estados e no DF"},"content":{"rendered":"\n<p>A&nbsp;<a class=\"\" href=\"https:\/\/g1.globo.com\/tudo-sobre\/policia-federal\/\">Pol\u00edcia Federal<\/a>&nbsp;deflagrou, na manh\u00e3 desta quinta-feira (23), uma opera\u00e7\u00e3o que mira suspeitos de crimes de abuso sexual infantojuvenil na internet.&nbsp;<\/p>\n\n\n\n<p><\/p>\n\n\n\n<p>Os agentes cumpriram&nbsp;<strong>80 mandados de busca e apreens\u00e3o<\/strong>&nbsp;em 24 estados e no Distrito Federal. At\u00e9 a \u00faltima atualiza\u00e7\u00e3o desta reportagem, foram realizadas&nbsp;<strong>32 pris\u00f5es em flagrante<\/strong>.&nbsp;Cinco pessoas tiveram a pris\u00e3o preventiva decretada.<\/p>\n\n\n\n<p>Segundo a PF, o objetivo \u00e9 prender ofensores sexuais de crian\u00e7as e resgatar v\u00edtimas dos abusos. A a\u00e7\u00e3o est\u00e1 a cargo da Coordena\u00e7\u00e3o de Repress\u00e3o a Crimes Cibern\u00e9ticos Relacionados ao Abuso Sexual Infantojuvenil.&nbsp;<\/p>\n\n\n\n<p>Os investigados devem responder pelos crimes de\u00a0<strong>armazenamento<\/strong>, compartilhamento e produ\u00e7\u00e3o de material de abuso sexual infantil e estupro de vulner\u00e1vel.\u00a0<br><\/p>\n\n\n\n<p>fonte: G1 <\/p>\n\n\n\n<p><\/p>\n\n\n\n<p><\/p>\n\n\n\n<p><\/p>\n\n\n\n<p><\/p>\n\n\n\n<p><\/p>\n\n\n\n<p><\/p>\n","protected":false},"excerpt":{"rendered":"<p>A&nbsp;Pol\u00edcia Federal&nbsp;deflagrou, na manh\u00e3 desta quinta-feira (23), uma opera\u00e7\u00e3o que mira suspeitos de crimes de abuso sexual infantojuvenil na internet.&nbsp; Os agentes cumpriram&nbsp;80 mandados de busca e apreens\u00e3o&nbsp;em 24 estados e no Distrito Federal. At\u00e9 a \u00faltima atualiza\u00e7\u00e3o desta reportagem, foram realizadas&nbsp;32 pris\u00f5es em flagrante.&nbsp;Cinco pessoas tiveram a pris\u00e3o preventiva decretada. Segundo a PF, o [&hellip;]<\/p>\n","protected":false},"author":1,"featured_media":3848,"comment_status":"open","ping_status":"open","sticky":false,"template":"","format":"standard","meta":{"footnotes":""},"categories":[10],"tags":[],"class_list":{"0":"post-3847","1":"post","2":"type-post","3":"status-publish","4":"format-standard","5":"has-post-thumbnail","7":"category-theme-features"},"_links":{"self":[{"href":"https:\/\/nordesteimprensa.com.br\/index.php\/wp-json\/wp\/v2\/posts\/3847","targetHints":{"allow":["GET"]}}],"collection":[{"href":"https:\/\/nordesteimprensa.com.br\/index.php\/wp-json\/wp\/v2\/posts"}],"about":[{"href":"https:\/\/nordesteimprensa.com.br\/index.php\/wp-json\/wp\/v2\/types\/post"}],"author":[{"embeddable":true,"href":"https:\/\/nordesteimprensa.com.br\/index.php\/wp-json\/wp\/v2\/users\/1"}],"replies":[{"embeddable":true,"href":"https:\/\/nordesteimprensa.com.br\/index.php\/wp-json\/wp\/v2\/comments?post=3847"}],"version-history":[{"count":1,"href":"https:\/\/nordesteimprensa.com.br\/index.php\/wp-json\/wp\/v2\/posts\/3847\/revisions"}],"predecessor-version":[{"id":3849,"href":"https:\/\/nordesteimprensa.com.br\/index.php\/wp-json\/wp\/v2\/posts\/3847\/revisions\/3849"}],"wp:featuredmedia":[{"embeddable":true,"href":"https:\/\/nordesteimprensa.com.br\/index.php\/wp-json\/wp\/v2\/media\/3848"}],"wp:attachment":[{"href":"https:\/\/nordesteimprensa.com.br\/index.php\/wp-json\/wp\/v2\/media?parent=3847"}],"wp:term":[{"taxonomy":"category","embeddable":true,"href":"https:\/\/nordesteimprensa.com.br\/index.php\/wp-json\/wp\/v2\/categories?post=3847"},{"taxonomy":"post_tag","embeddable":true,"href":"https:\/\/nordesteimprensa.com.br\/index.php\/wp-json\/wp\/v2\/tags?post=3847"}],"curies":[{"name":"wp","href":"https:\/\/api.w.org\/{rel}","templated":true}]}}