{"id":3850,"date":"2023-11-23T17:49:21","date_gmt":"2023-11-23T20:49:21","guid":{"rendered":"https:\/\/nordesteimprensa.com.br\/?p=3850"},"modified":"2023-11-23T17:49:22","modified_gmt":"2023-11-23T20:49:22","slug":"secas-em-sergipe-10-municipios-estao-em-situacao-de-emergencia","status":"publish","type":"post","link":"https:\/\/nordesteimprensa.com.br\/index.php\/2023\/11\/23\/secas-em-sergipe-10-municipios-estao-em-situacao-de-emergencia\/","title":{"rendered":"Secas em Sergipe: 10 munic\u00edpios est\u00e3o em situa\u00e7\u00e3o de emerg\u00eancia"},"content":{"rendered":"\n<p>A seca em Sergipe tem trazido dificuldades para os munic\u00edpios. Segundo informa\u00e7\u00f5es da Defesa Civil Estadual, 10 munic\u00edpios distribu\u00eddos em quatro regi\u00f5es est\u00e3o em situa\u00e7\u00e3o de emerg\u00eancia por causa da estiagem.<\/p>\n\n\n\n<p>Conforme informa\u00e7\u00f5es do coordenador da Defesa Civil do Estado, Major Luciano Queiroz, por causa dessa situa\u00e7\u00e3o, aproximadamente 28 mil pessoas, sem a canaliza\u00e7\u00e3o da Companhia de Saneamento de Sergipe (Deso), est\u00e3o sendo atendidas pelos caminh\u00f5es-pipa e pelo menos 63 mil pessoas est\u00e3o afetadas indiretamente dentro desses munic\u00edpios.<\/p>\n\n\n\n<p>Os casos s\u00e3o observados entre as regi\u00f5es do Centro-sul, Alto Sert\u00e3o, M\u00e9dio Sert\u00e3o e Agreste. Segundo informa\u00e7\u00f5es da Defesa Civil, as cidades mais afetadas est\u00e3o no Alto Sert\u00e3o sergipano, como Nossa Senhora da Gl\u00f3ria e Po\u00e7o Verde, onde o \u00f3rg\u00e3o est\u00e1 prestando assist\u00eancia nas \u00e1reas onde o Ex\u00e9rcito n\u00e3o atua. No total, 98 caminh\u00f5es-pipa est\u00e3o em opera\u00e7\u00e3o nessas regi\u00f5es.<\/p>\n\n\n\n<p>fonte: Infonet <\/p>\n\n\n\n<p><\/p>\n\n\n\n<p><\/p>\n\n\n\n<p><\/p>\n\n\n\n<p><\/p>\n","protected":false},"excerpt":{"rendered":"<p>A seca em Sergipe tem trazido dificuldades para os munic\u00edpios. Segundo informa\u00e7\u00f5es da Defesa Civil Estadual, 10 munic\u00edpios distribu\u00eddos em quatro regi\u00f5es est\u00e3o em situa\u00e7\u00e3o de emerg\u00eancia por causa da estiagem. Conforme informa\u00e7\u00f5es do coordenador da Defesa Civil do Estado, Major Luciano Queiroz, por causa dessa situa\u00e7\u00e3o, aproximadamente 28 mil pessoas, sem a canaliza\u00e7\u00e3o da [&hellip;]<\/p>\n","protected":false},"author":1,"featured_media":3851,"comment_status":"open","ping_status":"open","sticky":false,"template":"","format":"standard","meta":{"footnotes":""},"categories":[10],"tags":[],"class_list":{"0":"post-3850","1":"post","2":"type-post","3":"status-publish","4":"format-standard","5":"has-post-thumbnail","7":"category-theme-features"},"_links":{"self":[{"href":"https:\/\/nordesteimprensa.com.br\/index.php\/wp-json\/wp\/v2\/posts\/3850","targetHints":{"allow":["GET"]}}],"collection":[{"href":"https:\/\/nordesteimprensa.com.br\/index.php\/wp-json\/wp\/v2\/posts"}],"about":[{"href":"https:\/\/nordesteimprensa.com.br\/index.php\/wp-json\/wp\/v2\/types\/post"}],"author":[{"embeddable":true,"href":"https:\/\/nordesteimprensa.com.br\/index.php\/wp-json\/wp\/v2\/users\/1"}],"replies":[{"embeddable":true,"href":"https:\/\/nordesteimprensa.com.br\/index.php\/wp-json\/wp\/v2\/comments?post=3850"}],"version-history":[{"count":1,"href":"https:\/\/nordesteimprensa.com.br\/index.php\/wp-json\/wp\/v2\/posts\/3850\/revisions"}],"predecessor-version":[{"id":3852,"href":"https:\/\/nordesteimprensa.com.br\/index.php\/wp-json\/wp\/v2\/posts\/3850\/revisions\/3852"}],"wp:featuredmedia":[{"embeddable":true,"href":"https:\/\/nordesteimprensa.com.br\/index.php\/wp-json\/wp\/v2\/media\/3851"}],"wp:attachment":[{"href":"https:\/\/nordesteimprensa.com.br\/index.php\/wp-json\/wp\/v2\/media?parent=3850"}],"wp:term":[{"taxonomy":"category","embeddable":true,"href":"https:\/\/nordesteimprensa.com.br\/index.php\/wp-json\/wp\/v2\/categories?post=3850"},{"taxonomy":"post_tag","embeddable":true,"href":"https:\/\/nordesteimprensa.com.br\/index.php\/wp-json\/wp\/v2\/tags?post=3850"}],"curies":[{"name":"wp","href":"https:\/\/api.w.org\/{rel}","templated":true}]}}