{"id":3853,"date":"2023-11-23T17:50:39","date_gmt":"2023-11-23T20:50:39","guid":{"rendered":"https:\/\/nordesteimprensa.com.br\/?p=3853"},"modified":"2023-11-23T17:50:40","modified_gmt":"2023-11-23T20:50:40","slug":"homem-morre-em-acidente-de-transito-em-tobias-barreto","status":"publish","type":"post","link":"https:\/\/nordesteimprensa.com.br\/index.php\/2023\/11\/23\/homem-morre-em-acidente-de-transito-em-tobias-barreto\/","title":{"rendered":"Homem morre em acidente de tr\u00e2nsito em Tobias Barreto"},"content":{"rendered":"\n<p>Na noite da \u00faltima quarta-feira, 22, um homem identificado como Z\u00e9 Alberto, de 62 anos, morreu v\u00edtima de um acidente de tr\u00e2nsito ocorrido na estrada de acesso ao povoado Jabiberi, em Tobias Barreto, regi\u00e3o centro-sul de Sergipe.<\/p>\n\n\n\n<p>Segundo informa\u00e7\u00f5es, Z\u00e9 Alberto estava em uma motocicleta quando perdeu o controle, caiu e morreu. O Servi\u00e7o de Atendimento M\u00f3vel Urgente (Samu) foi acionado e esteve no local do ocorrido.<\/p>\n\n\n\n<p>J\u00e1 o corpo foi recolhido pelo Instituto M\u00e9dico Legal (IML).<\/p>\n","protected":false},"excerpt":{"rendered":"<p>Na noite da \u00faltima quarta-feira, 22, um homem identificado como Z\u00e9 Alberto, de 62 anos, morreu v\u00edtima de um acidente de tr\u00e2nsito ocorrido na estrada de acesso ao povoado Jabiberi, em Tobias Barreto, regi\u00e3o centro-sul de Sergipe. Segundo informa\u00e7\u00f5es, Z\u00e9 Alberto estava em uma motocicleta quando perdeu o controle, caiu e morreu. O Servi\u00e7o de [&hellip;]<\/p>\n","protected":false},"author":6,"featured_media":3854,"comment_status":"open","ping_status":"open","sticky":false,"template":"","format":"standard","meta":{"footnotes":""},"categories":[10],"tags":[],"class_list":{"0":"post-3853","1":"post","2":"type-post","3":"status-publish","4":"format-standard","5":"has-post-thumbnail","7":"category-theme-features"},"_links":{"self":[{"href":"https:\/\/nordesteimprensa.com.br\/index.php\/wp-json\/wp\/v2\/posts\/3853","targetHints":{"allow":["GET"]}}],"collection":[{"href":"https:\/\/nordesteimprensa.com.br\/index.php\/wp-json\/wp\/v2\/posts"}],"about":[{"href":"https:\/\/nordesteimprensa.com.br\/index.php\/wp-json\/wp\/v2\/types\/post"}],"author":[{"embeddable":true,"href":"https:\/\/nordesteimprensa.com.br\/index.php\/wp-json\/wp\/v2\/users\/6"}],"replies":[{"embeddable":true,"href":"https:\/\/nordesteimprensa.com.br\/index.php\/wp-json\/wp\/v2\/comments?post=3853"}],"version-history":[{"count":1,"href":"https:\/\/nordesteimprensa.com.br\/index.php\/wp-json\/wp\/v2\/posts\/3853\/revisions"}],"predecessor-version":[{"id":3855,"href":"https:\/\/nordesteimprensa.com.br\/index.php\/wp-json\/wp\/v2\/posts\/3853\/revisions\/3855"}],"wp:featuredmedia":[{"embeddable":true,"href":"https:\/\/nordesteimprensa.com.br\/index.php\/wp-json\/wp\/v2\/media\/3854"}],"wp:attachment":[{"href":"https:\/\/nordesteimprensa.com.br\/index.php\/wp-json\/wp\/v2\/media?parent=3853"}],"wp:term":[{"taxonomy":"category","embeddable":true,"href":"https:\/\/nordesteimprensa.com.br\/index.php\/wp-json\/wp\/v2\/categories?post=3853"},{"taxonomy":"post_tag","embeddable":true,"href":"https:\/\/nordesteimprensa.com.br\/index.php\/wp-json\/wp\/v2\/tags?post=3853"}],"curies":[{"name":"wp","href":"https:\/\/api.w.org\/{rel}","templated":true}]}}