{"id":3860,"date":"2023-11-24T09:26:29","date_gmt":"2023-11-24T12:26:29","guid":{"rendered":"https:\/\/nordesteimprensa.com.br\/?p=3860"},"modified":"2023-11-24T09:26:29","modified_gmt":"2023-11-24T12:26:29","slug":"homem-morre-ao-ser-arremessado-de-veiculo-em-lagarto","status":"publish","type":"post","link":"https:\/\/nordesteimprensa.com.br\/index.php\/2023\/11\/24\/homem-morre-ao-ser-arremessado-de-veiculo-em-lagarto\/","title":{"rendered":"Homem morre ao ser arremessado de ve\u00edculo em Lagarto"},"content":{"rendered":"\n<p>Um homem de 39 anos morreu e outro, de 47, ficou ferido, ap\u00f3s um ve\u00edculo capotar, em uma estrada de terra, no Povoado Barro Vermelho, no munic\u00edpio de&nbsp;<a class=\"\" href=\"https:\/\/g1.globo.com\/se\/sergipe\/cidade\/lagarto\/\">Lagarto<\/a>, na tarde desta quinta-feira (23).&nbsp;<\/p>\n\n\n\n<p>Segundo o Corpo de Bombeiros, o mais novo n\u00e3o resistiu aos ferimentos e morreu depois que foi arremessado quando o carro capotou.\u00a0<\/p>\n\n\n\n<p>J\u00e1 o homem de 47 anos ficou preso \u00e0s ferragens, foi resgatado pelo Corpo do Bombeiros e encaminhado a um hospital pelo Servi\u00e7o de Atendimento M\u00f3vel de Urg\u00eancia (Samu).<\/p>\n\n\n\n<p>fonte: G1 <\/p>\n\n\n\n<p><\/p>\n\n\n\n<p><\/p>\n\n\n\n<p><\/p>\n\n\n\n<p><\/p>\n","protected":false},"excerpt":{"rendered":"<p>Um homem de 39 anos morreu e outro, de 47, ficou ferido, ap\u00f3s um ve\u00edculo capotar, em uma estrada de terra, no Povoado Barro Vermelho, no munic\u00edpio de&nbsp;Lagarto, na tarde desta quinta-feira (23).&nbsp; Segundo o Corpo de Bombeiros, o mais novo n\u00e3o resistiu aos ferimentos e morreu depois que foi arremessado quando o carro capotou.\u00a0 [&hellip;]<\/p>\n","protected":false},"author":1,"featured_media":3861,"comment_status":"open","ping_status":"open","sticky":false,"template":"","format":"standard","meta":{"footnotes":""},"categories":[10],"tags":[],"class_list":{"0":"post-3860","1":"post","2":"type-post","3":"status-publish","4":"format-standard","5":"has-post-thumbnail","7":"category-theme-features"},"_links":{"self":[{"href":"https:\/\/nordesteimprensa.com.br\/index.php\/wp-json\/wp\/v2\/posts\/3860","targetHints":{"allow":["GET"]}}],"collection":[{"href":"https:\/\/nordesteimprensa.com.br\/index.php\/wp-json\/wp\/v2\/posts"}],"about":[{"href":"https:\/\/nordesteimprensa.com.br\/index.php\/wp-json\/wp\/v2\/types\/post"}],"author":[{"embeddable":true,"href":"https:\/\/nordesteimprensa.com.br\/index.php\/wp-json\/wp\/v2\/users\/1"}],"replies":[{"embeddable":true,"href":"https:\/\/nordesteimprensa.com.br\/index.php\/wp-json\/wp\/v2\/comments?post=3860"}],"version-history":[{"count":1,"href":"https:\/\/nordesteimprensa.com.br\/index.php\/wp-json\/wp\/v2\/posts\/3860\/revisions"}],"predecessor-version":[{"id":3862,"href":"https:\/\/nordesteimprensa.com.br\/index.php\/wp-json\/wp\/v2\/posts\/3860\/revisions\/3862"}],"wp:featuredmedia":[{"embeddable":true,"href":"https:\/\/nordesteimprensa.com.br\/index.php\/wp-json\/wp\/v2\/media\/3861"}],"wp:attachment":[{"href":"https:\/\/nordesteimprensa.com.br\/index.php\/wp-json\/wp\/v2\/media?parent=3860"}],"wp:term":[{"taxonomy":"category","embeddable":true,"href":"https:\/\/nordesteimprensa.com.br\/index.php\/wp-json\/wp\/v2\/categories?post=3860"},{"taxonomy":"post_tag","embeddable":true,"href":"https:\/\/nordesteimprensa.com.br\/index.php\/wp-json\/wp\/v2\/tags?post=3860"}],"curies":[{"name":"wp","href":"https:\/\/api.w.org\/{rel}","templated":true}]}}