{"id":3869,"date":"2023-11-27T11:12:19","date_gmt":"2023-11-27T14:12:19","guid":{"rendered":"https:\/\/nordesteimprensa.com.br\/?p=3869"},"modified":"2023-11-27T11:12:19","modified_gmt":"2023-11-27T14:12:19","slug":"mulher-e-assassinada-a-facadas-em-sao-domingos-companheiro-foi-preso-em-flagrante","status":"publish","type":"post","link":"https:\/\/nordesteimprensa.com.br\/index.php\/2023\/11\/27\/mulher-e-assassinada-a-facadas-em-sao-domingos-companheiro-foi-preso-em-flagrante\/","title":{"rendered":"Mulher \u00e9 assassinada a facadas em S\u00e3o Domingos. Companheiro foi preso em flagrante"},"content":{"rendered":"\n<p>Na tarde do \u00faltimo domingo, 26, um feminic\u00eddio foi registrado no munic\u00edpio de S\u00e3o Domingos, mais de perto, numa resid\u00eancia situada no povoado Tapera da Serra. A v\u00edtima foi assassinada a facadas e o seu companheiro, preso em flagrante pela Pol\u00edcia Militar.&nbsp;<\/p>\n\n\n\n<p>A v\u00edtima foi identificada como Luciv\u00e2nia dos Santos, conhecida como \u201cVaninha\u201d, de 32 anos e o suspeito, pelo pr\u00e9-nome de Fagner. Conforme informa\u00e7\u00f5es policiais, o crime foi praticado na frente do filho da v\u00edtima, menor de idade.<\/p>\n\n\n\n<p>fonte: Itnet <\/p>\n\n\n\n<p><\/p>\n\n\n\n<p><\/p>\n\n\n\n<p><\/p>\n\n\n\n<p><\/p>\n\n\n\n<p><\/p>\n","protected":false},"excerpt":{"rendered":"<p>Na tarde do \u00faltimo domingo, 26, um feminic\u00eddio foi registrado no munic\u00edpio de S\u00e3o Domingos, mais de perto, numa resid\u00eancia situada no povoado Tapera da Serra. A v\u00edtima foi assassinada a facadas e o seu companheiro, preso em flagrante pela Pol\u00edcia Militar.&nbsp; A v\u00edtima foi identificada como Luciv\u00e2nia dos Santos, conhecida como \u201cVaninha\u201d, de 32 [&hellip;]<\/p>\n","protected":false},"author":1,"featured_media":3870,"comment_status":"open","ping_status":"open","sticky":false,"template":"","format":"standard","meta":{"footnotes":""},"categories":[10],"tags":[],"class_list":{"0":"post-3869","1":"post","2":"type-post","3":"status-publish","4":"format-standard","5":"has-post-thumbnail","7":"category-theme-features"},"_links":{"self":[{"href":"https:\/\/nordesteimprensa.com.br\/index.php\/wp-json\/wp\/v2\/posts\/3869","targetHints":{"allow":["GET"]}}],"collection":[{"href":"https:\/\/nordesteimprensa.com.br\/index.php\/wp-json\/wp\/v2\/posts"}],"about":[{"href":"https:\/\/nordesteimprensa.com.br\/index.php\/wp-json\/wp\/v2\/types\/post"}],"author":[{"embeddable":true,"href":"https:\/\/nordesteimprensa.com.br\/index.php\/wp-json\/wp\/v2\/users\/1"}],"replies":[{"embeddable":true,"href":"https:\/\/nordesteimprensa.com.br\/index.php\/wp-json\/wp\/v2\/comments?post=3869"}],"version-history":[{"count":1,"href":"https:\/\/nordesteimprensa.com.br\/index.php\/wp-json\/wp\/v2\/posts\/3869\/revisions"}],"predecessor-version":[{"id":3871,"href":"https:\/\/nordesteimprensa.com.br\/index.php\/wp-json\/wp\/v2\/posts\/3869\/revisions\/3871"}],"wp:featuredmedia":[{"embeddable":true,"href":"https:\/\/nordesteimprensa.com.br\/index.php\/wp-json\/wp\/v2\/media\/3870"}],"wp:attachment":[{"href":"https:\/\/nordesteimprensa.com.br\/index.php\/wp-json\/wp\/v2\/media?parent=3869"}],"wp:term":[{"taxonomy":"category","embeddable":true,"href":"https:\/\/nordesteimprensa.com.br\/index.php\/wp-json\/wp\/v2\/categories?post=3869"},{"taxonomy":"post_tag","embeddable":true,"href":"https:\/\/nordesteimprensa.com.br\/index.php\/wp-json\/wp\/v2\/tags?post=3869"}],"curies":[{"name":"wp","href":"https:\/\/api.w.org\/{rel}","templated":true}]}}