{"id":3887,"date":"2023-11-28T13:00:07","date_gmt":"2023-11-28T16:00:07","guid":{"rendered":"https:\/\/nordesteimprensa.com.br\/?p=3887"},"modified":"2023-11-28T13:00:08","modified_gmt":"2023-11-28T16:00:08","slug":"tres-pessoas-ficam-feridas-em-tombamento-de-micro-onibus-na-br-235-em-nossa-senhora-do-socorro","status":"publish","type":"post","link":"https:\/\/nordesteimprensa.com.br\/index.php\/2023\/11\/28\/tres-pessoas-ficam-feridas-em-tombamento-de-micro-onibus-na-br-235-em-nossa-senhora-do-socorro\/","title":{"rendered":"Tr\u00eas pessoas ficam feridas em tombamento de micro-\u00f4nibus na BR-235 em Nossa Senhora do Socorro"},"content":{"rendered":"\n<p>Um micro-\u00f4nibus tombou, no in\u00edcio da noite desta segunda-feira (27), com cerca de 20 passageiros, na BR-235, em&nbsp;<a class=\"\" href=\"https:\/\/g1.globo.com\/se\/sergipe\/cidade\/nossa-senhora-do-socorro\/\">Nossa Senhora do Socorro<\/a>. Segundo a Pol\u00edcia Rodovi\u00e1ria Federal (PRF), uma pessoa ficou gravemente ferida e duas tiveram ferimentos leves.&nbsp;<\/p>\n\n\n\n<p>O micro-\u00f4nibus seguia de Aracaju para o munic\u00edpio S\u00e3o Domingos. No momento do acidente, a pista estava molhada.\u00a0<\/p>\n\n\n\n<p>Equipes do Servi\u00e7o de Atendimento M\u00f3vel de Urg\u00eancia (Samu) foram acionadas para atender a ocorr\u00eancia. N\u00e3o h\u00e1 informa\u00e7\u00f5es sobre o estado de sa\u00fade dos feridos.&nbsp;<\/p>\n\n\n\n<p>A Coopertalse, respons\u00e1vel pelo ve\u00edculo, informou que enviou fiscais ao local para prestar apoio \u00e0s v\u00edtimas e ajudar na apura\u00e7\u00e3o das causas do acidente.<\/p>\n\n\n\n<p>fonte: G1 <\/p>\n\n\n\n<p><\/p>\n\n\n\n<p><\/p>\n\n\n\n<p><\/p>\n\n\n\n<p><\/p>\n","protected":false},"excerpt":{"rendered":"<p>Um micro-\u00f4nibus tombou, no in\u00edcio da noite desta segunda-feira (27), com cerca de 20 passageiros, na BR-235, em&nbsp;Nossa Senhora do Socorro. Segundo a Pol\u00edcia Rodovi\u00e1ria Federal (PRF), uma pessoa ficou gravemente ferida e duas tiveram ferimentos leves.&nbsp; O micro-\u00f4nibus seguia de Aracaju para o munic\u00edpio S\u00e3o Domingos. No momento do acidente, a pista estava molhada.\u00a0 [&hellip;]<\/p>\n","protected":false},"author":1,"featured_media":3888,"comment_status":"open","ping_status":"open","sticky":false,"template":"","format":"standard","meta":{"footnotes":""},"categories":[10],"tags":[],"class_list":{"0":"post-3887","1":"post","2":"type-post","3":"status-publish","4":"format-standard","5":"has-post-thumbnail","7":"category-theme-features"},"_links":{"self":[{"href":"https:\/\/nordesteimprensa.com.br\/index.php\/wp-json\/wp\/v2\/posts\/3887","targetHints":{"allow":["GET"]}}],"collection":[{"href":"https:\/\/nordesteimprensa.com.br\/index.php\/wp-json\/wp\/v2\/posts"}],"about":[{"href":"https:\/\/nordesteimprensa.com.br\/index.php\/wp-json\/wp\/v2\/types\/post"}],"author":[{"embeddable":true,"href":"https:\/\/nordesteimprensa.com.br\/index.php\/wp-json\/wp\/v2\/users\/1"}],"replies":[{"embeddable":true,"href":"https:\/\/nordesteimprensa.com.br\/index.php\/wp-json\/wp\/v2\/comments?post=3887"}],"version-history":[{"count":1,"href":"https:\/\/nordesteimprensa.com.br\/index.php\/wp-json\/wp\/v2\/posts\/3887\/revisions"}],"predecessor-version":[{"id":3889,"href":"https:\/\/nordesteimprensa.com.br\/index.php\/wp-json\/wp\/v2\/posts\/3887\/revisions\/3889"}],"wp:featuredmedia":[{"embeddable":true,"href":"https:\/\/nordesteimprensa.com.br\/index.php\/wp-json\/wp\/v2\/media\/3888"}],"wp:attachment":[{"href":"https:\/\/nordesteimprensa.com.br\/index.php\/wp-json\/wp\/v2\/media?parent=3887"}],"wp:term":[{"taxonomy":"category","embeddable":true,"href":"https:\/\/nordesteimprensa.com.br\/index.php\/wp-json\/wp\/v2\/categories?post=3887"},{"taxonomy":"post_tag","embeddable":true,"href":"https:\/\/nordesteimprensa.com.br\/index.php\/wp-json\/wp\/v2\/tags?post=3887"}],"curies":[{"name":"wp","href":"https:\/\/api.w.org\/{rel}","templated":true}]}}