{"id":3890,"date":"2023-11-28T13:01:33","date_gmt":"2023-11-28T16:01:33","guid":{"rendered":"https:\/\/nordesteimprensa.com.br\/?p=3890"},"modified":"2023-11-28T13:01:33","modified_gmt":"2023-11-28T16:01:33","slug":"carira-fica-sem-agua-apos-furto-de-cabos-eletricos-em-estacao-da-deso","status":"publish","type":"post","link":"https:\/\/nordesteimprensa.com.br\/index.php\/2023\/11\/28\/carira-fica-sem-agua-apos-furto-de-cabos-eletricos-em-estacao-da-deso\/","title":{"rendered":"Carira fica sem \u00e1gua ap\u00f3s furto de cabos el\u00e9tricos em esta\u00e7\u00e3o da Deso"},"content":{"rendered":"\n<p>O munic\u00edpio de Carira est\u00e1 sem \u00e1gua ap\u00f3s um furto na base da Deso, localizada no povoado Contendas, durante a madrugada desta ter\u00e7a-feira, 28.<\/p>\n\n\n\n<p>Segundo informa\u00e7\u00f5es da Companhia de Saneamento de Sergipe (Deso), foram levados aproximadamente 130 metros de fio, 3 disjuntores e 6 fus\u00edveis.<\/p>\n\n\n\n<p>A Deso prestou um boletim de ocorr\u00eancia e informou que desde cedo est\u00e1 trabalhando para fazer a reposi\u00e7\u00e3o dos equipamentos furtados. A previs\u00e3o para a finaliza\u00e7\u00e3o dos reparos \u00e9 at\u00e9 22h da noite.<\/p>\n\n\n\n<p>fonte: Infonet <\/p>\n\n\n\n<p><\/p>\n\n\n\n<p><\/p>\n\n\n\n<p><\/p>\n\n\n\n<p><\/p>\n","protected":false},"excerpt":{"rendered":"<p>O munic\u00edpio de Carira est\u00e1 sem \u00e1gua ap\u00f3s um furto na base da Deso, localizada no povoado Contendas, durante a madrugada desta ter\u00e7a-feira, 28. Segundo informa\u00e7\u00f5es da Companhia de Saneamento de Sergipe (Deso), foram levados aproximadamente 130 metros de fio, 3 disjuntores e 6 fus\u00edveis. A Deso prestou um boletim de ocorr\u00eancia e informou que [&hellip;]<\/p>\n","protected":false},"author":1,"featured_media":3891,"comment_status":"open","ping_status":"open","sticky":false,"template":"","format":"standard","meta":{"footnotes":""},"categories":[10],"tags":[],"class_list":{"0":"post-3890","1":"post","2":"type-post","3":"status-publish","4":"format-standard","5":"has-post-thumbnail","7":"category-theme-features"},"_links":{"self":[{"href":"https:\/\/nordesteimprensa.com.br\/index.php\/wp-json\/wp\/v2\/posts\/3890","targetHints":{"allow":["GET"]}}],"collection":[{"href":"https:\/\/nordesteimprensa.com.br\/index.php\/wp-json\/wp\/v2\/posts"}],"about":[{"href":"https:\/\/nordesteimprensa.com.br\/index.php\/wp-json\/wp\/v2\/types\/post"}],"author":[{"embeddable":true,"href":"https:\/\/nordesteimprensa.com.br\/index.php\/wp-json\/wp\/v2\/users\/1"}],"replies":[{"embeddable":true,"href":"https:\/\/nordesteimprensa.com.br\/index.php\/wp-json\/wp\/v2\/comments?post=3890"}],"version-history":[{"count":1,"href":"https:\/\/nordesteimprensa.com.br\/index.php\/wp-json\/wp\/v2\/posts\/3890\/revisions"}],"predecessor-version":[{"id":3892,"href":"https:\/\/nordesteimprensa.com.br\/index.php\/wp-json\/wp\/v2\/posts\/3890\/revisions\/3892"}],"wp:featuredmedia":[{"embeddable":true,"href":"https:\/\/nordesteimprensa.com.br\/index.php\/wp-json\/wp\/v2\/media\/3891"}],"wp:attachment":[{"href":"https:\/\/nordesteimprensa.com.br\/index.php\/wp-json\/wp\/v2\/media?parent=3890"}],"wp:term":[{"taxonomy":"category","embeddable":true,"href":"https:\/\/nordesteimprensa.com.br\/index.php\/wp-json\/wp\/v2\/categories?post=3890"},{"taxonomy":"post_tag","embeddable":true,"href":"https:\/\/nordesteimprensa.com.br\/index.php\/wp-json\/wp\/v2\/tags?post=3890"}],"curies":[{"name":"wp","href":"https:\/\/api.w.org\/{rel}","templated":true}]}}