{"id":3896,"date":"2023-11-28T13:04:54","date_gmt":"2023-11-28T16:04:54","guid":{"rendered":"https:\/\/nordesteimprensa.com.br\/?p=3896"},"modified":"2023-11-28T13:04:54","modified_gmt":"2023-11-28T16:04:54","slug":"de-local-perigoso-e-abandonado-a-grande-gerador-de-emprego-prefeitura-comemora-aprovacao-de-pl-da-exposicao","status":"publish","type":"post","link":"https:\/\/nordesteimprensa.com.br\/index.php\/2023\/11\/28\/de-local-perigoso-e-abandonado-a-grande-gerador-de-emprego-prefeitura-comemora-aprovacao-de-pl-da-exposicao\/","title":{"rendered":"De local perigoso e abandonado a grande gerador de emprego: Prefeitura comemora aprova\u00e7\u00e3o de PL da Exposi\u00e7\u00e3o"},"content":{"rendered":"\n<p>Com 12 votos favor\u00e1veis e apenas 5 contr\u00e1rios, o Projeto de Lei que viabiliza a permuta do Parque de Exposi\u00e7\u00e3o entre a Prefeitura de Lagarto e o Grupo Marat\u00e1 foi aprovado com \u00eaxito na C\u00e2mara Municipal nesta ter\u00e7a-feira, 28.<\/p>\n\n\n\n<p>Essa aprova\u00e7\u00e3o representa uma virada significativa para um espa\u00e7o antes considerado perigoso e abandonado. Agora, abre caminho para a sua revitaliza\u00e7\u00e3o, visando se tornar um robusto gerador de empregos e renda para o munic\u00edpio, com a promessa de criar mais de 1.500 novos postos de trabalho.<\/p>\n\n\n\n<p>O acordo inclui a concess\u00e3o, por parte do Grupo Marat\u00e1, de uma vasta \u00e1rea abrangendo a localiza\u00e7\u00e3o atual da Faculdade Dom Pedro, Col\u00e9gio Libertar, antigo Cjav e antiga Faculdade Jos\u00e9 Augusto Vieira, para a Prefeitura de Lagarto. Em contrapartida, a gest\u00e3o municipal ceder\u00e1 ao Marat\u00e1 o terreno do antigo parque de exposi\u00e7\u00e3o.<\/p>\n\n\n\n<p>Nesse espa\u00e7o revitalizado, o grupo planeja erguer um hipermercado e um shopping popular, visando impulsionar o desenvolvimento local. Estima-se que esses empreendimentos ir\u00e3o gerar um impacto mensal de mais de R$ 2 milh\u00f5es na economia lagartense.<\/p>\n\n\n\n<p>Al\u00e9m disso, a aprova\u00e7\u00e3o do projeto permitir\u00e1 \u00e0 Prefeitura de Lagarto, que comemora a aprova\u00e7\u00e3o do PL, economizar cerca de R$4,5 milh\u00f5es anualmente em alugu\u00e9is, transporte e suporte.<\/p>\n\n\n\n<p><\/p>\n\n\n\n<p><\/p>\n\n\n\n<p><\/p>\n\n\n\n<p><\/p>\n\n\n\n<p><\/p>\n","protected":false},"excerpt":{"rendered":"<p>Com 12 votos favor\u00e1veis e apenas 5 contr\u00e1rios, o Projeto de Lei que viabiliza a permuta do Parque de Exposi\u00e7\u00e3o entre a Prefeitura de Lagarto e o Grupo Marat\u00e1 foi aprovado com \u00eaxito na C\u00e2mara Municipal nesta ter\u00e7a-feira, 28. Essa aprova\u00e7\u00e3o representa uma virada significativa para um espa\u00e7o antes considerado perigoso e abandonado. Agora, abre [&hellip;]<\/p>\n","protected":false},"author":1,"featured_media":3897,"comment_status":"open","ping_status":"open","sticky":false,"template":"","format":"standard","meta":{"footnotes":""},"categories":[10],"tags":[],"class_list":{"0":"post-3896","1":"post","2":"type-post","3":"status-publish","4":"format-standard","5":"has-post-thumbnail","7":"category-theme-features"},"_links":{"self":[{"href":"https:\/\/nordesteimprensa.com.br\/index.php\/wp-json\/wp\/v2\/posts\/3896","targetHints":{"allow":["GET"]}}],"collection":[{"href":"https:\/\/nordesteimprensa.com.br\/index.php\/wp-json\/wp\/v2\/posts"}],"about":[{"href":"https:\/\/nordesteimprensa.com.br\/index.php\/wp-json\/wp\/v2\/types\/post"}],"author":[{"embeddable":true,"href":"https:\/\/nordesteimprensa.com.br\/index.php\/wp-json\/wp\/v2\/users\/1"}],"replies":[{"embeddable":true,"href":"https:\/\/nordesteimprensa.com.br\/index.php\/wp-json\/wp\/v2\/comments?post=3896"}],"version-history":[{"count":1,"href":"https:\/\/nordesteimprensa.com.br\/index.php\/wp-json\/wp\/v2\/posts\/3896\/revisions"}],"predecessor-version":[{"id":3898,"href":"https:\/\/nordesteimprensa.com.br\/index.php\/wp-json\/wp\/v2\/posts\/3896\/revisions\/3898"}],"wp:featuredmedia":[{"embeddable":true,"href":"https:\/\/nordesteimprensa.com.br\/index.php\/wp-json\/wp\/v2\/media\/3897"}],"wp:attachment":[{"href":"https:\/\/nordesteimprensa.com.br\/index.php\/wp-json\/wp\/v2\/media?parent=3896"}],"wp:term":[{"taxonomy":"category","embeddable":true,"href":"https:\/\/nordesteimprensa.com.br\/index.php\/wp-json\/wp\/v2\/categories?post=3896"},{"taxonomy":"post_tag","embeddable":true,"href":"https:\/\/nordesteimprensa.com.br\/index.php\/wp-json\/wp\/v2\/tags?post=3896"}],"curies":[{"name":"wp","href":"https:\/\/api.w.org\/{rel}","templated":true}]}}