{"id":3899,"date":"2023-11-29T09:19:35","date_gmt":"2023-11-29T12:19:35","guid":{"rendered":"https:\/\/nordesteimprensa.com.br\/?p=3899"},"modified":"2023-11-29T09:19:36","modified_gmt":"2023-11-29T12:19:36","slug":"micro-onibus-intermunicipal-tomba-e-deixa-tres-pessoas-ficam-feridas","status":"publish","type":"post","link":"https:\/\/nordesteimprensa.com.br\/index.php\/2023\/11\/29\/micro-onibus-intermunicipal-tomba-e-deixa-tres-pessoas-ficam-feridas\/","title":{"rendered":"Micro-\u00f4nibus intermunicipal tomba e deixa tr\u00eas pessoas ficam feridas"},"content":{"rendered":"\n<p>Na noite da \u00faltima segunda-feira, 27, um micro-\u00f4nibus tombou com cerca de 20 passageiros, na BR-235, em Nossa Senhora do Socorro. Segundo a Pol\u00edcia Rodovi\u00e1ria Federal (PRF), uma pessoa ficou gravemente ferida e duas tiveram ferimentos leves.<\/p>\n\n\n\n<p>O micro-\u00f4nibus seguia de Aracaju para o munic\u00edpio S\u00e3o Domingos. No momento do acidente, a pista estava molhada.<\/p>\n\n\n\n<p>Equipes do Servi\u00e7o de Atendimento M\u00f3vel de Urg\u00eancia (Samu) foram acionadas para atender a ocorr\u00eancia. N\u00e3o h\u00e1 informa\u00e7\u00f5es sobre o estado de sa\u00fade dos feridos.<\/p>\n\n\n\n<p>A Coopertalse, respons\u00e1vel pelo ve\u00edculo, informou que enviou fiscais ao local para prestar apoio \u00e0s v\u00edtimas e ajudar na apura\u00e7\u00e3o das causas do acidente.<\/p>\n\n\n\n<p>Fonte: G1 SE<\/p>\n\n\n\n<p><\/p>\n\n\n\n<p><\/p>\n\n\n\n<p><\/p>\n\n\n\n<p><\/p>\n\n\n\n<p><\/p>\n","protected":false},"excerpt":{"rendered":"<p>Na noite da \u00faltima segunda-feira, 27, um micro-\u00f4nibus tombou com cerca de 20 passageiros, na BR-235, em Nossa Senhora do Socorro. Segundo a Pol\u00edcia Rodovi\u00e1ria Federal (PRF), uma pessoa ficou gravemente ferida e duas tiveram ferimentos leves. O micro-\u00f4nibus seguia de Aracaju para o munic\u00edpio S\u00e3o Domingos. No momento do acidente, a pista estava molhada. [&hellip;]<\/p>\n","protected":false},"author":1,"featured_media":3900,"comment_status":"open","ping_status":"open","sticky":false,"template":"","format":"standard","meta":{"footnotes":""},"categories":[10],"tags":[],"class_list":{"0":"post-3899","1":"post","2":"type-post","3":"status-publish","4":"format-standard","5":"has-post-thumbnail","7":"category-theme-features"},"_links":{"self":[{"href":"https:\/\/nordesteimprensa.com.br\/index.php\/wp-json\/wp\/v2\/posts\/3899","targetHints":{"allow":["GET"]}}],"collection":[{"href":"https:\/\/nordesteimprensa.com.br\/index.php\/wp-json\/wp\/v2\/posts"}],"about":[{"href":"https:\/\/nordesteimprensa.com.br\/index.php\/wp-json\/wp\/v2\/types\/post"}],"author":[{"embeddable":true,"href":"https:\/\/nordesteimprensa.com.br\/index.php\/wp-json\/wp\/v2\/users\/1"}],"replies":[{"embeddable":true,"href":"https:\/\/nordesteimprensa.com.br\/index.php\/wp-json\/wp\/v2\/comments?post=3899"}],"version-history":[{"count":1,"href":"https:\/\/nordesteimprensa.com.br\/index.php\/wp-json\/wp\/v2\/posts\/3899\/revisions"}],"predecessor-version":[{"id":3901,"href":"https:\/\/nordesteimprensa.com.br\/index.php\/wp-json\/wp\/v2\/posts\/3899\/revisions\/3901"}],"wp:featuredmedia":[{"embeddable":true,"href":"https:\/\/nordesteimprensa.com.br\/index.php\/wp-json\/wp\/v2\/media\/3900"}],"wp:attachment":[{"href":"https:\/\/nordesteimprensa.com.br\/index.php\/wp-json\/wp\/v2\/media?parent=3899"}],"wp:term":[{"taxonomy":"category","embeddable":true,"href":"https:\/\/nordesteimprensa.com.br\/index.php\/wp-json\/wp\/v2\/categories?post=3899"},{"taxonomy":"post_tag","embeddable":true,"href":"https:\/\/nordesteimprensa.com.br\/index.php\/wp-json\/wp\/v2\/tags?post=3899"}],"curies":[{"name":"wp","href":"https:\/\/api.w.org\/{rel}","templated":true}]}}