{"id":3908,"date":"2023-12-02T11:23:47","date_gmt":"2023-12-02T14:23:47","guid":{"rendered":"https:\/\/nordesteimprensa.com.br\/?p=3908"},"modified":"2023-12-02T11:23:47","modified_gmt":"2023-12-02T14:23:47","slug":"suspeita-de-maus-tratos-contra-a-propria-filha-e-presa-em-aracaju","status":"publish","type":"post","link":"https:\/\/nordesteimprensa.com.br\/index.php\/2023\/12\/02\/suspeita-de-maus-tratos-contra-a-propria-filha-e-presa-em-aracaju\/","title":{"rendered":"Suspeita de maus-tratos contra a pr\u00f3pria filha \u00e9 presa em Aracaju"},"content":{"rendered":"\n<p>Uma mulher suspeita de cometer o crime de maus-tratos contra a filha de 12 anos foi presa nesta sexta-feira (1\u00ba), no Bairro Santa Maria, em Aracaju.&nbsp;<\/p>\n\n\n\n<p><\/p>\n\n\n\n<p>Ao chegarem ao local ap\u00f3s den\u00fancia, os militares encontraram a crian\u00e7a chorando assustada. A menina disse aos policiais que havia sofrido as agress\u00f5es e, por isso, sentia dores nos ombros e nos bra\u00e7os.&nbsp;<\/p>\n\n\n\n<p>A crian\u00e7a disse ainda que a m\u00e3e amea\u00e7ou cortar a mangueira do botij\u00e3o de g\u00e1s para causar uma explos\u00e3o na casa onde elas residem. As den\u00fancias foram refor\u00e7adas pela av\u00f3 da crian\u00e7a.&nbsp;<\/p>\n\n\n\n<p>A suspeita tentou resistir \u00e0 pris\u00e3o, mas foi contida pelos policiais militares e encaminhada ao Departamento de Atendimento a Grupos Vulner\u00e1veis (DAGV) e a crian\u00e7a foi levada para a Unidade de Pronto Atendimento, onde recebeu os cuidados m\u00e9dicos e de assist\u00eancia social.\u00a0<br><\/p>\n\n\n\n<p><\/p>\n\n\n\n<p><\/p>\n\n\n\n<p>fonte: G1<\/p>\n","protected":false},"excerpt":{"rendered":"<p>Uma mulher suspeita de cometer o crime de maus-tratos contra a filha de 12 anos foi presa nesta sexta-feira (1\u00ba), no Bairro Santa Maria, em Aracaju.&nbsp; Ao chegarem ao local ap\u00f3s den\u00fancia, os militares encontraram a crian\u00e7a chorando assustada. A menina disse aos policiais que havia sofrido as agress\u00f5es e, por isso, sentia dores nos [&hellip;]<\/p>\n","protected":false},"author":1,"featured_media":3909,"comment_status":"open","ping_status":"open","sticky":false,"template":"","format":"standard","meta":{"footnotes":""},"categories":[10],"tags":[],"class_list":{"0":"post-3908","1":"post","2":"type-post","3":"status-publish","4":"format-standard","5":"has-post-thumbnail","7":"category-theme-features"},"_links":{"self":[{"href":"https:\/\/nordesteimprensa.com.br\/index.php\/wp-json\/wp\/v2\/posts\/3908","targetHints":{"allow":["GET"]}}],"collection":[{"href":"https:\/\/nordesteimprensa.com.br\/index.php\/wp-json\/wp\/v2\/posts"}],"about":[{"href":"https:\/\/nordesteimprensa.com.br\/index.php\/wp-json\/wp\/v2\/types\/post"}],"author":[{"embeddable":true,"href":"https:\/\/nordesteimprensa.com.br\/index.php\/wp-json\/wp\/v2\/users\/1"}],"replies":[{"embeddable":true,"href":"https:\/\/nordesteimprensa.com.br\/index.php\/wp-json\/wp\/v2\/comments?post=3908"}],"version-history":[{"count":1,"href":"https:\/\/nordesteimprensa.com.br\/index.php\/wp-json\/wp\/v2\/posts\/3908\/revisions"}],"predecessor-version":[{"id":3910,"href":"https:\/\/nordesteimprensa.com.br\/index.php\/wp-json\/wp\/v2\/posts\/3908\/revisions\/3910"}],"wp:featuredmedia":[{"embeddable":true,"href":"https:\/\/nordesteimprensa.com.br\/index.php\/wp-json\/wp\/v2\/media\/3909"}],"wp:attachment":[{"href":"https:\/\/nordesteimprensa.com.br\/index.php\/wp-json\/wp\/v2\/media?parent=3908"}],"wp:term":[{"taxonomy":"category","embeddable":true,"href":"https:\/\/nordesteimprensa.com.br\/index.php\/wp-json\/wp\/v2\/categories?post=3908"},{"taxonomy":"post_tag","embeddable":true,"href":"https:\/\/nordesteimprensa.com.br\/index.php\/wp-json\/wp\/v2\/tags?post=3908"}],"curies":[{"name":"wp","href":"https:\/\/api.w.org\/{rel}","templated":true}]}}