{"id":3932,"date":"2023-12-06T15:31:31","date_gmt":"2023-12-06T18:31:31","guid":{"rendered":"https:\/\/nordesteimprensa.com.br\/?p=3932"},"modified":"2023-12-06T15:31:31","modified_gmt":"2023-12-06T18:31:31","slug":"homem-e-morto-a-tiros-apos-sair-de-bar-em-aracaju","status":"publish","type":"post","link":"https:\/\/nordesteimprensa.com.br\/index.php\/2023\/12\/06\/homem-e-morto-a-tiros-apos-sair-de-bar-em-aracaju\/","title":{"rendered":"Homem \u00e9 morto a tiros ap\u00f3s sair de bar em Aracaju"},"content":{"rendered":"\n<p>Um homem, de 37 anos, foi morto a tiros na tarde desta desta ter\u00e7a-feira (5), na Rua Ed\u00e9zio Mesquita, no Bairro Santos Dumont, em&nbsp;<a class=\"\" href=\"https:\/\/g1.globo.com\/se\/sergipe\/cidade\/aracaju\/\">Aracaju<\/a>. Segundo a Pol\u00edcia Militar ele estava em um bar e foi morto quando estava a caminho da casa.&nbsp;<\/p>\n\n\n\n<p>Ainda de acordo com a PM, testemunhas informaram que dois homens em uma moto, se aproximaram e efetuaram os disparos.&nbsp;<\/p>\n\n\n\n<p>O Instituto M\u00e9dico Legal (IML) foi acionado para recolher o corpo. Quem tiver informa\u00e7\u00f5es que possam ajudar na localiza\u00e7\u00e3o dos suspeitos, deve ligara para o Disque-Den\u00fancia 181. N\u00e3o \u00e9 preciso se identificar.<\/p>\n\n\n\n<p>fonte: G1 <\/p>\n\n\n\n<p><\/p>\n\n\n\n<p><\/p>\n\n\n\n<p><\/p>\n\n\n\n<p><\/p>\n","protected":false},"excerpt":{"rendered":"<p>Um homem, de 37 anos, foi morto a tiros na tarde desta desta ter\u00e7a-feira (5), na Rua Ed\u00e9zio Mesquita, no Bairro Santos Dumont, em&nbsp;Aracaju. Segundo a Pol\u00edcia Militar ele estava em um bar e foi morto quando estava a caminho da casa.&nbsp; Ainda de acordo com a PM, testemunhas informaram que dois homens em uma [&hellip;]<\/p>\n","protected":false},"author":1,"featured_media":3933,"comment_status":"open","ping_status":"open","sticky":false,"template":"","format":"standard","meta":{"footnotes":""},"categories":[10],"tags":[],"class_list":{"0":"post-3932","1":"post","2":"type-post","3":"status-publish","4":"format-standard","5":"has-post-thumbnail","7":"category-theme-features"},"_links":{"self":[{"href":"https:\/\/nordesteimprensa.com.br\/index.php\/wp-json\/wp\/v2\/posts\/3932","targetHints":{"allow":["GET"]}}],"collection":[{"href":"https:\/\/nordesteimprensa.com.br\/index.php\/wp-json\/wp\/v2\/posts"}],"about":[{"href":"https:\/\/nordesteimprensa.com.br\/index.php\/wp-json\/wp\/v2\/types\/post"}],"author":[{"embeddable":true,"href":"https:\/\/nordesteimprensa.com.br\/index.php\/wp-json\/wp\/v2\/users\/1"}],"replies":[{"embeddable":true,"href":"https:\/\/nordesteimprensa.com.br\/index.php\/wp-json\/wp\/v2\/comments?post=3932"}],"version-history":[{"count":1,"href":"https:\/\/nordesteimprensa.com.br\/index.php\/wp-json\/wp\/v2\/posts\/3932\/revisions"}],"predecessor-version":[{"id":3934,"href":"https:\/\/nordesteimprensa.com.br\/index.php\/wp-json\/wp\/v2\/posts\/3932\/revisions\/3934"}],"wp:featuredmedia":[{"embeddable":true,"href":"https:\/\/nordesteimprensa.com.br\/index.php\/wp-json\/wp\/v2\/media\/3933"}],"wp:attachment":[{"href":"https:\/\/nordesteimprensa.com.br\/index.php\/wp-json\/wp\/v2\/media?parent=3932"}],"wp:term":[{"taxonomy":"category","embeddable":true,"href":"https:\/\/nordesteimprensa.com.br\/index.php\/wp-json\/wp\/v2\/categories?post=3932"},{"taxonomy":"post_tag","embeddable":true,"href":"https:\/\/nordesteimprensa.com.br\/index.php\/wp-json\/wp\/v2\/tags?post=3932"}],"curies":[{"name":"wp","href":"https:\/\/api.w.org\/{rel}","templated":true}]}}