{"id":3935,"date":"2023-12-06T15:34:13","date_gmt":"2023-12-06T18:34:13","guid":{"rendered":"https:\/\/nordesteimprensa.com.br\/?p=3935"},"modified":"2023-12-06T15:34:13","modified_gmt":"2023-12-06T18:34:13","slug":"carminha-pode-entrar-na-disputa-e-oposicao-em-socorro-devera-amargar-nova-derrota","status":"publish","type":"post","link":"https:\/\/nordesteimprensa.com.br\/index.php\/2023\/12\/06\/carminha-pode-entrar-na-disputa-e-oposicao-em-socorro-devera-amargar-nova-derrota\/","title":{"rendered":"Carminha pode entrar na disputa e oposi\u00e7\u00e3o em Socorro dever\u00e1 amargar nova derrota"},"content":{"rendered":"\n<p>A deputada estadual Carminha Paiva (Republicanos) confirmou nesta quarta-feira, 6, em entrevista \u00e0 Revista Realce, sua disponibilidade para disputar a prefeitura de Nossa Senhora do Socorro nas elei\u00e7\u00f5es de 2024. Com sua poss\u00edvel entrada na disputa, a oposi\u00e7\u00e3o, atualmente l\u00edder nas inten\u00e7\u00f5es de voto, enfrentar\u00e1 o desafio de superar o hist\u00f3rico vitorioso do grupo de Padre Inaldo, que tem prevalecido nas \u00faltimas elei\u00e7\u00f5es.<\/p>\n\n\n\n<p>No pleito mais recente, Carminha obteve uma expressiva vit\u00f3ria, conquistando 15.466 votos, mais que o dobro dos votos alcan\u00e7ados por Samuel Carvalho (Cidadania), que totalizou 7.644 votos. Esse resultado refor\u00e7ou a tend\u00eancia de derrota enfrentada pela oposi\u00e7\u00e3o diante do grupo de Inaldo.<\/p>\n\n\n\n<p>Em 2020, mesmo liderando as pesquisas, Samuel enfrentou outra derrota, com Padre Inaldo assegurando sua reelei\u00e7\u00e3o ao conquistar 27.042 votos, enquanto Carvalho obteve 24.018 votos.<\/p>\n\n\n\n<p>A din\u00e2mica foi semelhante \u00e0 elei\u00e7\u00e3o de 2016, quando o atual gestor emergiu vitorioso com 35.190 votos, superando os 12.276 votos do deputado estadual na \u00e9poca.<\/p>\n\n\n\n<p><\/p>\n\n\n\n<p><\/p>\n\n\n\n<p><\/p>\n\n\n\n<p><\/p>\n\n\n\n<p><\/p>\n","protected":false},"excerpt":{"rendered":"<p>A deputada estadual Carminha Paiva (Republicanos) confirmou nesta quarta-feira, 6, em entrevista \u00e0 Revista Realce, sua disponibilidade para disputar a prefeitura de Nossa Senhora do Socorro nas elei\u00e7\u00f5es de 2024. Com sua poss\u00edvel entrada na disputa, a oposi\u00e7\u00e3o, atualmente l\u00edder nas inten\u00e7\u00f5es de voto, enfrentar\u00e1 o desafio de superar o hist\u00f3rico vitorioso do grupo de [&hellip;]<\/p>\n","protected":false},"author":1,"featured_media":3936,"comment_status":"open","ping_status":"open","sticky":false,"template":"","format":"standard","meta":{"footnotes":""},"categories":[10],"tags":[],"class_list":{"0":"post-3935","1":"post","2":"type-post","3":"status-publish","4":"format-standard","5":"has-post-thumbnail","7":"category-theme-features"},"_links":{"self":[{"href":"https:\/\/nordesteimprensa.com.br\/index.php\/wp-json\/wp\/v2\/posts\/3935","targetHints":{"allow":["GET"]}}],"collection":[{"href":"https:\/\/nordesteimprensa.com.br\/index.php\/wp-json\/wp\/v2\/posts"}],"about":[{"href":"https:\/\/nordesteimprensa.com.br\/index.php\/wp-json\/wp\/v2\/types\/post"}],"author":[{"embeddable":true,"href":"https:\/\/nordesteimprensa.com.br\/index.php\/wp-json\/wp\/v2\/users\/1"}],"replies":[{"embeddable":true,"href":"https:\/\/nordesteimprensa.com.br\/index.php\/wp-json\/wp\/v2\/comments?post=3935"}],"version-history":[{"count":1,"href":"https:\/\/nordesteimprensa.com.br\/index.php\/wp-json\/wp\/v2\/posts\/3935\/revisions"}],"predecessor-version":[{"id":3937,"href":"https:\/\/nordesteimprensa.com.br\/index.php\/wp-json\/wp\/v2\/posts\/3935\/revisions\/3937"}],"wp:featuredmedia":[{"embeddable":true,"href":"https:\/\/nordesteimprensa.com.br\/index.php\/wp-json\/wp\/v2\/media\/3936"}],"wp:attachment":[{"href":"https:\/\/nordesteimprensa.com.br\/index.php\/wp-json\/wp\/v2\/media?parent=3935"}],"wp:term":[{"taxonomy":"category","embeddable":true,"href":"https:\/\/nordesteimprensa.com.br\/index.php\/wp-json\/wp\/v2\/categories?post=3935"},{"taxonomy":"post_tag","embeddable":true,"href":"https:\/\/nordesteimprensa.com.br\/index.php\/wp-json\/wp\/v2\/tags?post=3935"}],"curies":[{"name":"wp","href":"https:\/\/api.w.org\/{rel}","templated":true}]}}