{"id":3938,"date":"2023-12-08T09:00:36","date_gmt":"2023-12-08T12:00:36","guid":{"rendered":"https:\/\/nordesteimprensa.com.br\/?p=3938"},"modified":"2023-12-08T09:00:37","modified_gmt":"2023-12-08T12:00:37","slug":"operacao-sao-nicolau-resulta-em-tres-presos-e-um-obito-em-frei-paulo","status":"publish","type":"post","link":"https:\/\/nordesteimprensa.com.br\/index.php\/2023\/12\/08\/operacao-sao-nicolau-resulta-em-tres-presos-e-um-obito-em-frei-paulo\/","title":{"rendered":"Opera\u00e7\u00e3o S\u00e3o Nicolau resulta em tr\u00eas presos e um \u00f3bito em Frei Paulo"},"content":{"rendered":"\n<p>A Delegacia de Frei Paulo, em parceria com unidades das Pol\u00edcias Civil e Militar, prendeu tr\u00eas pessoas nesta quinta-feira-feira, 7, no munic\u00edpio freipaulistano e em cidades circunvizinhas, durante a Opera\u00e7\u00e3o S\u00e3o Nicolau. A a\u00e7\u00e3o, que visa o combate ao tr\u00e1fico de drogas, cumpre mandados de busca e apreens\u00e3o e de pris\u00e3o na regi\u00e3o Agreste.<\/p>\n\n\n\n<p>A Opera\u00e7\u00e3o Nicolau foi desencadeada para desarticular uma organiza\u00e7\u00e3o criminosa respons\u00e1vel pelo tr\u00e1fico de drogas em Frei Paulo, mas que tamb\u00e9m comercializa entorpecentes em munic\u00edpios vizinhos e envia drogas para a capital sergipana.<\/p>\n\n\n\n<p>A iniciativa conta com o emprego de policiais civis das Delegacias de Frei Paulo, Campo do Brito, Itabaiana, Ribeir\u00f3polis e Carira, Coordenadoria de Pol\u00edcia Civil do Interior (Copci), Coordenadoria de Opera\u00e7\u00f5es e Recursos Especiais (Core), al\u00e9m de efetivo do 3\u00ba Batalh\u00e3o de Pol\u00edcia Militar.<\/p>\n\n\n\n<p>\u201cA opera\u00e7\u00e3o \u00e9 coordenada pelo delegado Ant\u00f4nio Francisco e faz parte de uma s\u00e9rie de a\u00e7\u00f5es preventivas, por parte da SSP, para, principalmente, desarticular grupos criminosos que t\u00eam agido tanto na capital como no interior do estado\u201d, citou Lucas Ros\u00e1rio, coordenador de comunica\u00e7\u00e3o da SSP.<\/p>\n\n\n\n<p>Em meio aos cumprimentos de mandados, um dos investigados reagiu \u00e0 chegada da for\u00e7a policial e entrou em confronto com integrantes da SSP. Apesar do socorro, o homem acabou evoluindo a \u00f3bito.<\/p>\n\n\n\n<p>At\u00e9 o momento, tr\u00eas pessoas com envolvimento no tr\u00e1fico de drogas foram detidas. Os trabalhos tamb\u00e9m resultaram nas apreens\u00f5es de maconha e coca\u00edna. As equipes das Pol\u00edcias Civil e Militar ainda est\u00e3o em campo.<\/p>\n\n\n\n<p>Fonte: SSP\/SE<\/p>\n","protected":false},"excerpt":{"rendered":"<p>A Delegacia de Frei Paulo, em parceria com unidades das Pol\u00edcias Civil e Militar, prendeu tr\u00eas pessoas nesta quinta-feira-feira, 7, no munic\u00edpio freipaulistano e em cidades circunvizinhas, durante a Opera\u00e7\u00e3o S\u00e3o Nicolau. A a\u00e7\u00e3o, que visa o combate ao tr\u00e1fico de drogas, cumpre mandados de busca e apreens\u00e3o e de pris\u00e3o na regi\u00e3o Agreste. A [&hellip;]<\/p>\n","protected":false},"author":1,"featured_media":3939,"comment_status":"open","ping_status":"open","sticky":false,"template":"","format":"standard","meta":{"footnotes":""},"categories":[10],"tags":[],"class_list":{"0":"post-3938","1":"post","2":"type-post","3":"status-publish","4":"format-standard","5":"has-post-thumbnail","7":"category-theme-features"},"_links":{"self":[{"href":"https:\/\/nordesteimprensa.com.br\/index.php\/wp-json\/wp\/v2\/posts\/3938","targetHints":{"allow":["GET"]}}],"collection":[{"href":"https:\/\/nordesteimprensa.com.br\/index.php\/wp-json\/wp\/v2\/posts"}],"about":[{"href":"https:\/\/nordesteimprensa.com.br\/index.php\/wp-json\/wp\/v2\/types\/post"}],"author":[{"embeddable":true,"href":"https:\/\/nordesteimprensa.com.br\/index.php\/wp-json\/wp\/v2\/users\/1"}],"replies":[{"embeddable":true,"href":"https:\/\/nordesteimprensa.com.br\/index.php\/wp-json\/wp\/v2\/comments?post=3938"}],"version-history":[{"count":1,"href":"https:\/\/nordesteimprensa.com.br\/index.php\/wp-json\/wp\/v2\/posts\/3938\/revisions"}],"predecessor-version":[{"id":3940,"href":"https:\/\/nordesteimprensa.com.br\/index.php\/wp-json\/wp\/v2\/posts\/3938\/revisions\/3940"}],"wp:featuredmedia":[{"embeddable":true,"href":"https:\/\/nordesteimprensa.com.br\/index.php\/wp-json\/wp\/v2\/media\/3939"}],"wp:attachment":[{"href":"https:\/\/nordesteimprensa.com.br\/index.php\/wp-json\/wp\/v2\/media?parent=3938"}],"wp:term":[{"taxonomy":"category","embeddable":true,"href":"https:\/\/nordesteimprensa.com.br\/index.php\/wp-json\/wp\/v2\/categories?post=3938"},{"taxonomy":"post_tag","embeddable":true,"href":"https:\/\/nordesteimprensa.com.br\/index.php\/wp-json\/wp\/v2\/tags?post=3938"}],"curies":[{"name":"wp","href":"https:\/\/api.w.org\/{rel}","templated":true}]}}