{"id":3941,"date":"2023-12-08T09:02:47","date_gmt":"2023-12-08T12:02:47","guid":{"rendered":"https:\/\/nordesteimprensa.com.br\/?p=3941"},"modified":"2023-12-08T09:02:48","modified_gmt":"2023-12-08T12:02:48","slug":"apos-investigacoes-policia-diz-que-sequestro-de-motorista-de-aplicativo-em-aracaju-foi-cobranca-de-divida","status":"publish","type":"post","link":"https:\/\/nordesteimprensa.com.br\/index.php\/2023\/12\/08\/apos-investigacoes-policia-diz-que-sequestro-de-motorista-de-aplicativo-em-aracaju-foi-cobranca-de-divida\/","title":{"rendered":"Ap\u00f3s investiga\u00e7\u00f5es, pol\u00edcia diz que sequestro de motorista de aplicativo em Aracaju foi cobran\u00e7a de d\u00edvida"},"content":{"rendered":"\n<p>A Pol\u00edcia Civil informou, nesta quinta-feira (7), que ap\u00f3s investiga\u00e7\u00f5es, descobriu que o sequestro de um motorista de aplicativo em Aracaju n\u00e3o foi praticado por um passageiro,&nbsp;<a class=\"\" href=\"https:\/\/g1.globo.com\/se\/sergipe\/noticia\/2023\/12\/05\/motorista-de-aplicativo-e-sequestrado-e-abandonado-na-mala-do-carro-na-zona-sul-de-aracaju.ghtml\">como a v\u00edtima havia informado.&nbsp;<\/a><\/p>\n\n\n\n<p>Segundo a pol\u00edcia, em um novo depoimento, a v\u00edtima confirmou que foi alvo de uma cobran\u00e7a de d\u00edvida realizada por um agiota, o que apontou uma falsa comunica\u00e7\u00e3o de crime.\u00a0<\/p>\n\n\n\n<p>O motorista foi encontrado com as m\u00e3os amarradas no Bairro Santa Maria nessa segunda (4). Ele foi intimado a comparecer \u00e0 unidade policial. \u201cAcompanhado de advogados, confessou que relatou uma vers\u00e3o n\u00e3o ver\u00eddica durante o depoimento\u201d, disse a delegada Michele Ara\u00fajo.&nbsp;<\/p>\n\n\n\n<p>Ainda segundo a pol\u00edcia, a comunica\u00e7\u00e3o falsa de ocorr\u00eancia \u00e9 pass\u00edvel de punibilidade legal.<\/p>\n\n\n\n<p>fonte: G1 <\/p>\n\n\n\n<p><\/p>\n\n\n\n<p><\/p>\n\n\n\n<p><\/p>\n\n\n\n<p><\/p>\n\n\n\n<p><\/p>\n","protected":false},"excerpt":{"rendered":"<p>A Pol\u00edcia Civil informou, nesta quinta-feira (7), que ap\u00f3s investiga\u00e7\u00f5es, descobriu que o sequestro de um motorista de aplicativo em Aracaju n\u00e3o foi praticado por um passageiro,&nbsp;como a v\u00edtima havia informado.&nbsp; Segundo a pol\u00edcia, em um novo depoimento, a v\u00edtima confirmou que foi alvo de uma cobran\u00e7a de d\u00edvida realizada por um agiota, o que [&hellip;]<\/p>\n","protected":false},"author":1,"featured_media":3942,"comment_status":"open","ping_status":"open","sticky":false,"template":"","format":"standard","meta":{"footnotes":""},"categories":[10],"tags":[],"class_list":{"0":"post-3941","1":"post","2":"type-post","3":"status-publish","4":"format-standard","5":"has-post-thumbnail","7":"category-theme-features"},"_links":{"self":[{"href":"https:\/\/nordesteimprensa.com.br\/index.php\/wp-json\/wp\/v2\/posts\/3941","targetHints":{"allow":["GET"]}}],"collection":[{"href":"https:\/\/nordesteimprensa.com.br\/index.php\/wp-json\/wp\/v2\/posts"}],"about":[{"href":"https:\/\/nordesteimprensa.com.br\/index.php\/wp-json\/wp\/v2\/types\/post"}],"author":[{"embeddable":true,"href":"https:\/\/nordesteimprensa.com.br\/index.php\/wp-json\/wp\/v2\/users\/1"}],"replies":[{"embeddable":true,"href":"https:\/\/nordesteimprensa.com.br\/index.php\/wp-json\/wp\/v2\/comments?post=3941"}],"version-history":[{"count":1,"href":"https:\/\/nordesteimprensa.com.br\/index.php\/wp-json\/wp\/v2\/posts\/3941\/revisions"}],"predecessor-version":[{"id":3943,"href":"https:\/\/nordesteimprensa.com.br\/index.php\/wp-json\/wp\/v2\/posts\/3941\/revisions\/3943"}],"wp:featuredmedia":[{"embeddable":true,"href":"https:\/\/nordesteimprensa.com.br\/index.php\/wp-json\/wp\/v2\/media\/3942"}],"wp:attachment":[{"href":"https:\/\/nordesteimprensa.com.br\/index.php\/wp-json\/wp\/v2\/media?parent=3941"}],"wp:term":[{"taxonomy":"category","embeddable":true,"href":"https:\/\/nordesteimprensa.com.br\/index.php\/wp-json\/wp\/v2\/categories?post=3941"},{"taxonomy":"post_tag","embeddable":true,"href":"https:\/\/nordesteimprensa.com.br\/index.php\/wp-json\/wp\/v2\/tags?post=3941"}],"curies":[{"name":"wp","href":"https:\/\/api.w.org\/{rel}","templated":true}]}}