{"id":3944,"date":"2023-12-08T09:04:19","date_gmt":"2023-12-08T12:04:19","guid":{"rendered":"https:\/\/nordesteimprensa.com.br\/?p=3944"},"modified":"2023-12-08T09:04:20","modified_gmt":"2023-12-08T12:04:20","slug":"airton-martins-lidera-isolado-disputa-pela-prefeitura-de-barra-dos-coqueiros","status":"publish","type":"post","link":"https:\/\/nordesteimprensa.com.br\/index.php\/2023\/12\/08\/airton-martins-lidera-isolado-disputa-pela-prefeitura-de-barra-dos-coqueiros\/","title":{"rendered":"Airton Martins lidera isolado disputa pela Prefeitura de Barra dos Coqueiros"},"content":{"rendered":"\n<p>O ex-prefeito da Barra dos Coqueiros, Airton Martins (PSD), lidera isolado as inten\u00e7\u00f5es de voto para a disputa pela prefeitura do munic\u00edpio nas elei\u00e7\u00f5es do pr\u00f3ximo ano, com quase 40 pontos percentuais de vantagem em rela\u00e7\u00e3o ao segundo colocado.<\/p>\n\n\n\n<p>\u00c9 o que aponta uma pesquisa da revista Realce, em que Airton dispara na lideran\u00e7a com 62,8% das inten\u00e7\u00f5es de votos v\u00e1lidos, enquanto Alberto tem apenas 24%. Danilo Segundo (PT) registra 13,2% da prefer\u00eancia do eleitorado, em terceiro lugar.<\/p>\n\n\n\n<p>J\u00e1 em rela\u00e7\u00e3o \u00e0 rejei\u00e7\u00e3o, essa mesma sondagem mostra que Alberto lidera com mais do que o dobro da rejei\u00e7\u00e3o de Airton, atingindo 35,9% contra 12,4%. Danilo ocupa a segunda posi\u00e7\u00e3o nesse quesito, com uma rejei\u00e7\u00e3o de 15,1%. Os votos brancos e nulos somam 12,6%, enquanto os indecisos atingem 24%.<\/p>\n\n\n\n<p>O levantamento foi feito nos dias 1\u00ba e 2 de dezembro, ouvindo 526 entrevistados, com uma margem de erro de 4% e um n\u00edvel de confian\u00e7a de 95%.<\/p>\n\n\n\n<p><\/p>\n\n\n\n<p><\/p>\n\n\n\n<p><\/p>\n\n\n\n<p><\/p>\n\n\n\n<p><\/p>\n\n\n\n<p><\/p>\n","protected":false},"excerpt":{"rendered":"<p>O ex-prefeito da Barra dos Coqueiros, Airton Martins (PSD), lidera isolado as inten\u00e7\u00f5es de voto para a disputa pela prefeitura do munic\u00edpio nas elei\u00e7\u00f5es do pr\u00f3ximo ano, com quase 40 pontos percentuais de vantagem em rela\u00e7\u00e3o ao segundo colocado. \u00c9 o que aponta uma pesquisa da revista Realce, em que Airton dispara na lideran\u00e7a com [&hellip;]<\/p>\n","protected":false},"author":1,"featured_media":3945,"comment_status":"open","ping_status":"open","sticky":false,"template":"","format":"standard","meta":{"footnotes":""},"categories":[10],"tags":[],"class_list":{"0":"post-3944","1":"post","2":"type-post","3":"status-publish","4":"format-standard","5":"has-post-thumbnail","7":"category-theme-features"},"_links":{"self":[{"href":"https:\/\/nordesteimprensa.com.br\/index.php\/wp-json\/wp\/v2\/posts\/3944","targetHints":{"allow":["GET"]}}],"collection":[{"href":"https:\/\/nordesteimprensa.com.br\/index.php\/wp-json\/wp\/v2\/posts"}],"about":[{"href":"https:\/\/nordesteimprensa.com.br\/index.php\/wp-json\/wp\/v2\/types\/post"}],"author":[{"embeddable":true,"href":"https:\/\/nordesteimprensa.com.br\/index.php\/wp-json\/wp\/v2\/users\/1"}],"replies":[{"embeddable":true,"href":"https:\/\/nordesteimprensa.com.br\/index.php\/wp-json\/wp\/v2\/comments?post=3944"}],"version-history":[{"count":1,"href":"https:\/\/nordesteimprensa.com.br\/index.php\/wp-json\/wp\/v2\/posts\/3944\/revisions"}],"predecessor-version":[{"id":3946,"href":"https:\/\/nordesteimprensa.com.br\/index.php\/wp-json\/wp\/v2\/posts\/3944\/revisions\/3946"}],"wp:featuredmedia":[{"embeddable":true,"href":"https:\/\/nordesteimprensa.com.br\/index.php\/wp-json\/wp\/v2\/media\/3945"}],"wp:attachment":[{"href":"https:\/\/nordesteimprensa.com.br\/index.php\/wp-json\/wp\/v2\/media?parent=3944"}],"wp:term":[{"taxonomy":"category","embeddable":true,"href":"https:\/\/nordesteimprensa.com.br\/index.php\/wp-json\/wp\/v2\/categories?post=3944"},{"taxonomy":"post_tag","embeddable":true,"href":"https:\/\/nordesteimprensa.com.br\/index.php\/wp-json\/wp\/v2\/tags?post=3944"}],"curies":[{"name":"wp","href":"https:\/\/api.w.org\/{rel}","templated":true}]}}