{"id":3950,"date":"2023-12-08T14:28:00","date_gmt":"2023-12-08T17:28:00","guid":{"rendered":"https:\/\/nordesteimprensa.com.br\/?p=3950"},"modified":"2023-12-08T14:28:01","modified_gmt":"2023-12-08T17:28:01","slug":"dois-homens-morrem-em-operacao-contra-o-roubo-a-loja-de-celulares","status":"publish","type":"post","link":"https:\/\/nordesteimprensa.com.br\/index.php\/2023\/12\/08\/dois-homens-morrem-em-operacao-contra-o-roubo-a-loja-de-celulares\/","title":{"rendered":"Dois homens morrem em opera\u00e7\u00e3o contra o roubo a loja de celulares"},"content":{"rendered":"\n<p>Dois homens morreram em confronto com a pol\u00edcia nesta sexta-feira, 8, no munic\u00edpio de Siriri. A informa\u00e7\u00e3o foi repassada pela Secretaria de Seguran\u00e7a P\u00fablica (SSP\/SE). A opera\u00e7\u00e3o foi deflagrada para o cumprimento ao mandado de busca e apreens\u00e3o contra um homem investigado pelo roubo a uma loja de celulares em Itabaiana. Na a\u00e7\u00e3o, foram apreendidos drogas, armas, balaclavas e m\u00e1scaras utilizadas na pr\u00e1tica de roubos.<\/p>\n\n\n\n<p>De acordo com o delegado Matheus Cardillo, a investiga\u00e7\u00e3o que culminou na opera\u00e7\u00e3o tem rela\u00e7\u00e3o com o roubo que ocorreu a uma loja de aparelho celulares em outubro no centro de Itabaiana. No assalto, foram levados mais de 30 aparelhos.<\/p>\n\n\n\n<p>Com o in\u00edcio das dilig\u00eancias, foi feita uma pris\u00e3o em flagrante em novembro. \u201cDe uma receptadora desse aparelho. Ela \u00e9 de Nossa Senhora das Dores e, quando conseguimos essa informa\u00e7\u00e3o, estabelecemos v\u00ednculos com poss\u00edveis autores do roubo\u201d, acrescentou o delegado.<\/p>\n\n\n\n<p>A partir da identifica\u00e7\u00e3o da rela\u00e7\u00e3o dos autores do roubo, que seriam de Siriri, a equipe levantou informa\u00e7\u00f5es e descobriu que os suspeitos poderiam ainda estar em posse dos celulares, andando armados e envolvidos com o tr\u00e1fico de drogas.<\/p>\n","protected":false},"excerpt":{"rendered":"<p>Dois homens morreram em confronto com a pol\u00edcia nesta sexta-feira, 8, no munic\u00edpio de Siriri. A informa\u00e7\u00e3o foi repassada pela Secretaria de Seguran\u00e7a P\u00fablica (SSP\/SE). A opera\u00e7\u00e3o foi deflagrada para o cumprimento ao mandado de busca e apreens\u00e3o contra um homem investigado pelo roubo a uma loja de celulares em Itabaiana. Na a\u00e7\u00e3o, foram apreendidos [&hellip;]<\/p>\n","protected":false},"author":6,"featured_media":3951,"comment_status":"open","ping_status":"open","sticky":false,"template":"","format":"standard","meta":{"footnotes":""},"categories":[10],"tags":[],"class_list":{"0":"post-3950","1":"post","2":"type-post","3":"status-publish","4":"format-standard","5":"has-post-thumbnail","7":"category-theme-features"},"_links":{"self":[{"href":"https:\/\/nordesteimprensa.com.br\/index.php\/wp-json\/wp\/v2\/posts\/3950","targetHints":{"allow":["GET"]}}],"collection":[{"href":"https:\/\/nordesteimprensa.com.br\/index.php\/wp-json\/wp\/v2\/posts"}],"about":[{"href":"https:\/\/nordesteimprensa.com.br\/index.php\/wp-json\/wp\/v2\/types\/post"}],"author":[{"embeddable":true,"href":"https:\/\/nordesteimprensa.com.br\/index.php\/wp-json\/wp\/v2\/users\/6"}],"replies":[{"embeddable":true,"href":"https:\/\/nordesteimprensa.com.br\/index.php\/wp-json\/wp\/v2\/comments?post=3950"}],"version-history":[{"count":1,"href":"https:\/\/nordesteimprensa.com.br\/index.php\/wp-json\/wp\/v2\/posts\/3950\/revisions"}],"predecessor-version":[{"id":3952,"href":"https:\/\/nordesteimprensa.com.br\/index.php\/wp-json\/wp\/v2\/posts\/3950\/revisions\/3952"}],"wp:featuredmedia":[{"embeddable":true,"href":"https:\/\/nordesteimprensa.com.br\/index.php\/wp-json\/wp\/v2\/media\/3951"}],"wp:attachment":[{"href":"https:\/\/nordesteimprensa.com.br\/index.php\/wp-json\/wp\/v2\/media?parent=3950"}],"wp:term":[{"taxonomy":"category","embeddable":true,"href":"https:\/\/nordesteimprensa.com.br\/index.php\/wp-json\/wp\/v2\/categories?post=3950"},{"taxonomy":"post_tag","embeddable":true,"href":"https:\/\/nordesteimprensa.com.br\/index.php\/wp-json\/wp\/v2\/tags?post=3950"}],"curies":[{"name":"wp","href":"https:\/\/api.w.org\/{rel}","templated":true}]}}