{"id":3953,"date":"2023-12-08T14:29:33","date_gmt":"2023-12-08T17:29:33","guid":{"rendered":"https:\/\/nordesteimprensa.com.br\/?p=3953"},"modified":"2023-12-11T17:59:03","modified_gmt":"2023-12-11T20:59:03","slug":"o-que-fez-carminha-paiva-ser-a-deputada-estadual-mais-votada-em-socorro","status":"publish","type":"post","link":"https:\/\/nordesteimprensa.com.br\/index.php\/2023\/12\/08\/o-que-fez-carminha-paiva-ser-a-deputada-estadual-mais-votada-em-socorro\/","title":{"rendered":"O que fez Carminha Paiva ser a deputada estadual mais votada em Socorro"},"content":{"rendered":"\n<p>Na disputa por uma das 24 cadeiras da Assembleia Legislativa de Sergipe (Alese) em 2022, a atual deputada estadual Carminha Paiva (Republicanos) foi a candidata mais votada em Nossa Senhora do Socorro, com 15.466 votos, consolidando sua marcante presen\u00e7a eleitoral. E isso n\u00e3o foi \u00e0 toa. Respaldada com o apoio do prefeito Padre Inaldo (PP), a parlamentar tamb\u00e9m possui um vasto curr\u00edculo como assistente social, que impulsionou mudan\u00e7as significativas no munic\u00edpio e, consequentemente, lhe fez ganhar popularidade entre os socorrenses.<\/p>\n\n\n\n<p>Nascida em Recife, Pernambuco, em 28 de janeiro de 1968, Carminha mudou-se, ainda jovem, com a fam\u00edlia para Paulo Afonso, na regi\u00e3o Norte da Bahia, onde cultivou ra\u00edzes por mais de duas d\u00e9cadas.<\/p>\n\n\n\n<p>A deputada \u00e9 graduada em Servi\u00e7o Social pela Universidade Tiradentes\/SE, complementada por uma P\u00f3s-Gradua\u00e7\u00e3o em Pol\u00edticas e Gest\u00e3o de Servi\u00e7o Social.<\/p>\n\n\n\n<p>Sua carreira no servi\u00e7o p\u00fablico foi marcada por um per\u00edodo como Secret\u00e1ria Municipal de Assist\u00eancia Social em Nossa Senhora do Socorro, de janeiro de 2017 a mar\u00e7o de 2022. Na pasta, ela desempenhou um papel fundamental na implementa\u00e7\u00e3o de Pol\u00edticas P\u00fablicas, dedicando-se ao bem-estar de crian\u00e7as, adolescentes, idosos, pessoas com defici\u00eancia e, com destaque, na luta contra a viol\u00eancia dom\u00e9stica.<\/p>\n\n\n\n<p>Paiva tamb\u00e9m se destacou no apoio \u00e0 popula\u00e7\u00e3o em situa\u00e7\u00e3o de rua, combatendo a inseguran\u00e7a alimentar e nutricional atrav\u00e9s de iniciativas que buscavam melhorar significativamente a qualidade de vida daqueles em vulnerabilidade social.<\/p>\n\n\n\n<p>Seu trabalho e resultados n\u00e3o passaram despercebidos. Impulsionada por seu desempenho na Secretaria Municipal de Assist\u00eancia Social, Carminha foi indicada pelo agrupamento pol\u00edtico para concorrer \u00e0 Alese em 2022. Triunfando nas urnas, ela conquistou, pela primeira vez, uma cadeira como deputada estadual pelo Partido Republicanos, acumulando 34.790 votos.<\/p>\n\n\n\n<p>Assumindo o mandato em 1\u00ba de fevereiro de 2023, Carminha reiterou sua luta pelas mulheres, pelos valores familiares, para ser a voz dos trabalhadores do SUAS e ser uma defensora intransigente dos direitos de toda a popula\u00e7\u00e3o em situa\u00e7\u00e3o de vulnerabilidade social.<\/p>\n\n\n\n<p><\/p>\n\n\n\n<p><\/p>\n\n\n\n<p><\/p>\n\n\n\n<p><\/p>\n\n\n\n<p><\/p>\n","protected":false},"excerpt":{"rendered":"<p>Na disputa por uma das 24 cadeiras da Assembleia Legislativa de Sergipe (Alese) em 2022, a atual deputada estadual Carminha Paiva (Republicanos) foi a candidata mais votada em Nossa Senhora do Socorro, com 15.466 votos, consolidando sua marcante presen\u00e7a eleitoral. E isso n\u00e3o foi \u00e0 toa. Respaldada com o apoio do prefeito Padre Inaldo (PP), [&hellip;]<\/p>\n","protected":false},"author":6,"featured_media":3954,"comment_status":"open","ping_status":"open","sticky":false,"template":"","format":"standard","meta":{"footnotes":""},"categories":[1],"tags":[],"class_list":{"0":"post-3953","1":"post","2":"type-post","3":"status-publish","4":"format-standard","5":"has-post-thumbnail","7":"category-sem-categoria"},"_links":{"self":[{"href":"https:\/\/nordesteimprensa.com.br\/index.php\/wp-json\/wp\/v2\/posts\/3953","targetHints":{"allow":["GET"]}}],"collection":[{"href":"https:\/\/nordesteimprensa.com.br\/index.php\/wp-json\/wp\/v2\/posts"}],"about":[{"href":"https:\/\/nordesteimprensa.com.br\/index.php\/wp-json\/wp\/v2\/types\/post"}],"author":[{"embeddable":true,"href":"https:\/\/nordesteimprensa.com.br\/index.php\/wp-json\/wp\/v2\/users\/6"}],"replies":[{"embeddable":true,"href":"https:\/\/nordesteimprensa.com.br\/index.php\/wp-json\/wp\/v2\/comments?post=3953"}],"version-history":[{"count":1,"href":"https:\/\/nordesteimprensa.com.br\/index.php\/wp-json\/wp\/v2\/posts\/3953\/revisions"}],"predecessor-version":[{"id":3955,"href":"https:\/\/nordesteimprensa.com.br\/index.php\/wp-json\/wp\/v2\/posts\/3953\/revisions\/3955"}],"wp:featuredmedia":[{"embeddable":true,"href":"https:\/\/nordesteimprensa.com.br\/index.php\/wp-json\/wp\/v2\/media\/3954"}],"wp:attachment":[{"href":"https:\/\/nordesteimprensa.com.br\/index.php\/wp-json\/wp\/v2\/media?parent=3953"}],"wp:term":[{"taxonomy":"category","embeddable":true,"href":"https:\/\/nordesteimprensa.com.br\/index.php\/wp-json\/wp\/v2\/categories?post=3953"},{"taxonomy":"post_tag","embeddable":true,"href":"https:\/\/nordesteimprensa.com.br\/index.php\/wp-json\/wp\/v2\/tags?post=3953"}],"curies":[{"name":"wp","href":"https:\/\/api.w.org\/{rel}","templated":true}]}}