{"id":3956,"date":"2023-12-09T14:03:40","date_gmt":"2023-12-09T17:03:40","guid":{"rendered":"https:\/\/nordesteimprensa.com.br\/?p=3956"},"modified":"2023-12-09T14:03:41","modified_gmt":"2023-12-09T17:03:41","slug":"medalhista-pan-americana-de-parabadminton-tem-cadeira-de-rodas-quebrada-durante-voo-entre-aracaju-e-sao-paulo","status":"publish","type":"post","link":"https:\/\/nordesteimprensa.com.br\/index.php\/2023\/12\/09\/medalhista-pan-americana-de-parabadminton-tem-cadeira-de-rodas-quebrada-durante-voo-entre-aracaju-e-sao-paulo\/","title":{"rendered":"Medalhista pan-americana de parabadminton tem cadeira de rodas quebrada durante voo entre Aracaju e S\u00e3o Paulo"},"content":{"rendered":"\n<p>A sergipana e medalhista pan-americana, Maria Gilda Antunes, que integra a sele\u00e7\u00e3o brasileira de parabadminton, disse que ficou desesperada ap\u00f3s descobrir que a cadeira de rodas utilizada para a sua locomo\u00e7\u00e3o quebrou durante voo da Latam entre Aracaju e o aeroporto de Guarulhos, em S\u00e3o Paulo, nesta sexta-feira (8).&nbsp;<\/p>\n\n\n\n<p>Segundo a atleta, inicialmente ela recebeu uma cadeira quebrada. \u201cDepois de chorar eles me deram uma cadeira que nem freios tinha\u201d, disse.\u00a0<\/p>\n\n\n\n<p>Horas depois, Gilda contou que recebeu uma outra cadeira que ainda n\u00e3o era a ideal, j\u00e1 que estava machucando o seu joelho. Sou eu quem vai precisar se adaptar\u201d. A atleta vai viajar na noite desta sexta-feira para uma competi\u00e7\u00e3o em Dubai. Ela disse que ainda que cadeira que ser\u00e1 utilizada na competi\u00e7\u00e3o j\u00e1 foi embarcada.<\/p>\n\n\n\n<p>fonte: G1 <\/p>\n\n\n\n<p><\/p>\n\n\n\n<p><\/p>\n\n\n\n<p><\/p>\n\n\n\n<p><\/p>\n\n\n\n<p><\/p>\n","protected":false},"excerpt":{"rendered":"<p>A sergipana e medalhista pan-americana, Maria Gilda Antunes, que integra a sele\u00e7\u00e3o brasileira de parabadminton, disse que ficou desesperada ap\u00f3s descobrir que a cadeira de rodas utilizada para a sua locomo\u00e7\u00e3o quebrou durante voo da Latam entre Aracaju e o aeroporto de Guarulhos, em S\u00e3o Paulo, nesta sexta-feira (8).&nbsp; Segundo a atleta, inicialmente ela recebeu [&hellip;]<\/p>\n","protected":false},"author":6,"featured_media":3957,"comment_status":"open","ping_status":"open","sticky":false,"template":"","format":"standard","meta":{"footnotes":""},"categories":[10],"tags":[],"class_list":{"0":"post-3956","1":"post","2":"type-post","3":"status-publish","4":"format-standard","5":"has-post-thumbnail","7":"category-theme-features"},"_links":{"self":[{"href":"https:\/\/nordesteimprensa.com.br\/index.php\/wp-json\/wp\/v2\/posts\/3956","targetHints":{"allow":["GET"]}}],"collection":[{"href":"https:\/\/nordesteimprensa.com.br\/index.php\/wp-json\/wp\/v2\/posts"}],"about":[{"href":"https:\/\/nordesteimprensa.com.br\/index.php\/wp-json\/wp\/v2\/types\/post"}],"author":[{"embeddable":true,"href":"https:\/\/nordesteimprensa.com.br\/index.php\/wp-json\/wp\/v2\/users\/6"}],"replies":[{"embeddable":true,"href":"https:\/\/nordesteimprensa.com.br\/index.php\/wp-json\/wp\/v2\/comments?post=3956"}],"version-history":[{"count":1,"href":"https:\/\/nordesteimprensa.com.br\/index.php\/wp-json\/wp\/v2\/posts\/3956\/revisions"}],"predecessor-version":[{"id":3958,"href":"https:\/\/nordesteimprensa.com.br\/index.php\/wp-json\/wp\/v2\/posts\/3956\/revisions\/3958"}],"wp:featuredmedia":[{"embeddable":true,"href":"https:\/\/nordesteimprensa.com.br\/index.php\/wp-json\/wp\/v2\/media\/3957"}],"wp:attachment":[{"href":"https:\/\/nordesteimprensa.com.br\/index.php\/wp-json\/wp\/v2\/media?parent=3956"}],"wp:term":[{"taxonomy":"category","embeddable":true,"href":"https:\/\/nordesteimprensa.com.br\/index.php\/wp-json\/wp\/v2\/categories?post=3956"},{"taxonomy":"post_tag","embeddable":true,"href":"https:\/\/nordesteimprensa.com.br\/index.php\/wp-json\/wp\/v2\/tags?post=3956"}],"curies":[{"name":"wp","href":"https:\/\/api.w.org\/{rel}","templated":true}]}}