{"id":3960,"date":"2023-12-09T14:05:08","date_gmt":"2023-12-09T17:05:08","guid":{"rendered":"https:\/\/nordesteimprensa.com.br\/?p=3960"},"modified":"2023-12-09T14:05:08","modified_gmt":"2023-12-09T17:05:08","slug":"desmanche-de-motos-e-desarticulado-no-bairro-17-de-marco","status":"publish","type":"post","link":"https:\/\/nordesteimprensa.com.br\/index.php\/2023\/12\/09\/desmanche-de-motos-e-desarticulado-no-bairro-17-de-marco\/","title":{"rendered":"Desmanche de motos \u00e9 desarticulado no bairro 17 de mar\u00e7o"},"content":{"rendered":"\n<p>Um desmanche de motocicletas foi desarticulado na \u00faltima quinta-feira, 7, no bairro 17 de mar\u00e7o, em Aracaju. Durante a a\u00e7\u00e3o, comandada por equipes da 1\u00aa Companhia do 1\u00ba Batalh\u00e3o de Pol\u00edcia Militar (1\u00aa Cia\/1\u00ba BPM), quatro motos parcialmente desmontadas foram apreendidas.<\/p>\n\n\n\n<p>De acordo com a Pol\u00edcia Militar, os policiais foram acionados pelo Centro Integrado de Opera\u00e7\u00f5es em Seguran\u00e7a P\u00fablica (Ciosp) para averiguar a informa\u00e7\u00e3o de que havia tr\u00eas motocicletas abandonadas em uma regi\u00e3o de mata fechada, nas imedia\u00e7\u00f5es da Avenida Ant\u00f4nio Apolonio.<\/p>\n\n\n\n<p>De imediato, os militares intensificaram as buscas no local da den\u00fancia e encontraram tr\u00eas motocicletas em situa\u00e7\u00e3o de desmanche. Ap\u00f3s consultarem o sistema de seguran\u00e7a, os PMs constataram que os ve\u00edculos possu\u00edam restri\u00e7\u00f5es de roubo\/furto. As motocicletas foram encaminhadas \u00e0 Divis\u00e3o de Roubos e Furtos para o registro da ocorr\u00eancia.<\/p>\n","protected":false},"excerpt":{"rendered":"<p>Um desmanche de motocicletas foi desarticulado na \u00faltima quinta-feira, 7, no bairro 17 de mar\u00e7o, em Aracaju. Durante a a\u00e7\u00e3o, comandada por equipes da 1\u00aa Companhia do 1\u00ba Batalh\u00e3o de Pol\u00edcia Militar (1\u00aa Cia\/1\u00ba BPM), quatro motos parcialmente desmontadas foram apreendidas. De acordo com a Pol\u00edcia Militar, os policiais foram acionados pelo Centro Integrado de [&hellip;]<\/p>\n","protected":false},"author":6,"featured_media":3961,"comment_status":"open","ping_status":"open","sticky":false,"template":"","format":"standard","meta":{"footnotes":""},"categories":[10],"tags":[],"class_list":{"0":"post-3960","1":"post","2":"type-post","3":"status-publish","4":"format-standard","5":"has-post-thumbnail","7":"category-theme-features"},"_links":{"self":[{"href":"https:\/\/nordesteimprensa.com.br\/index.php\/wp-json\/wp\/v2\/posts\/3960","targetHints":{"allow":["GET"]}}],"collection":[{"href":"https:\/\/nordesteimprensa.com.br\/index.php\/wp-json\/wp\/v2\/posts"}],"about":[{"href":"https:\/\/nordesteimprensa.com.br\/index.php\/wp-json\/wp\/v2\/types\/post"}],"author":[{"embeddable":true,"href":"https:\/\/nordesteimprensa.com.br\/index.php\/wp-json\/wp\/v2\/users\/6"}],"replies":[{"embeddable":true,"href":"https:\/\/nordesteimprensa.com.br\/index.php\/wp-json\/wp\/v2\/comments?post=3960"}],"version-history":[{"count":1,"href":"https:\/\/nordesteimprensa.com.br\/index.php\/wp-json\/wp\/v2\/posts\/3960\/revisions"}],"predecessor-version":[{"id":3962,"href":"https:\/\/nordesteimprensa.com.br\/index.php\/wp-json\/wp\/v2\/posts\/3960\/revisions\/3962"}],"wp:featuredmedia":[{"embeddable":true,"href":"https:\/\/nordesteimprensa.com.br\/index.php\/wp-json\/wp\/v2\/media\/3961"}],"wp:attachment":[{"href":"https:\/\/nordesteimprensa.com.br\/index.php\/wp-json\/wp\/v2\/media?parent=3960"}],"wp:term":[{"taxonomy":"category","embeddable":true,"href":"https:\/\/nordesteimprensa.com.br\/index.php\/wp-json\/wp\/v2\/categories?post=3960"},{"taxonomy":"post_tag","embeddable":true,"href":"https:\/\/nordesteimprensa.com.br\/index.php\/wp-json\/wp\/v2\/tags?post=3960"}],"curies":[{"name":"wp","href":"https:\/\/api.w.org\/{rel}","templated":true}]}}