{"id":3969,"date":"2023-12-12T09:19:19","date_gmt":"2023-12-12T12:19:19","guid":{"rendered":"https:\/\/nordesteimprensa.com.br\/?p=3969"},"modified":"2023-12-12T09:19:19","modified_gmt":"2023-12-12T12:19:19","slug":"uma-pessoa-morre-e-tres-ficaram-feridas-apos-acidente-na-br-235","status":"publish","type":"post","link":"https:\/\/nordesteimprensa.com.br\/index.php\/2023\/12\/12\/uma-pessoa-morre-e-tres-ficaram-feridas-apos-acidente-na-br-235\/","title":{"rendered":"Uma pessoa morre e tr\u00eas ficaram feridas ap\u00f3s acidente na BR-235"},"content":{"rendered":"\n<p>Uma pessoa morreu e tr\u00eas ficaram feridas no in\u00edcio da noite desta segunda-feira, 11, ap\u00f3s uma colis\u00e3o entre um ve\u00edculo de passeio e um caminh\u00e3o na BR-235, no KM 48, trecho que corta o munic\u00edpio de Itabaiana.<\/p>\n\n\n\n<p>De acordo com a Pol\u00edcia Rodovi\u00e1ria Federal (PRF) em Sergipe, houve uma colis\u00e3o frontal no sentido capital\/interior envolvendo um caminh\u00e3o modelo Accelo e um carro modelo Crossfox.<\/p>\n\n\n\n<p>O acidente provocou a morte de uma pessoa, deixou dois feridos graves e uma pessoa com ferimentos leves.<\/p>\n","protected":false},"excerpt":{"rendered":"<p>Uma pessoa morreu e tr\u00eas ficaram feridas no in\u00edcio da noite desta segunda-feira, 11, ap\u00f3s uma colis\u00e3o entre um ve\u00edculo de passeio e um caminh\u00e3o na BR-235, no KM 48, trecho que corta o munic\u00edpio de Itabaiana. De acordo com a Pol\u00edcia Rodovi\u00e1ria Federal (PRF) em Sergipe, houve uma colis\u00e3o frontal no sentido capital\/interior envolvendo [&hellip;]<\/p>\n","protected":false},"author":6,"featured_media":3971,"comment_status":"open","ping_status":"open","sticky":false,"template":"","format":"standard","meta":{"footnotes":""},"categories":[10],"tags":[],"class_list":{"0":"post-3969","1":"post","2":"type-post","3":"status-publish","4":"format-standard","5":"has-post-thumbnail","7":"category-theme-features"},"_links":{"self":[{"href":"https:\/\/nordesteimprensa.com.br\/index.php\/wp-json\/wp\/v2\/posts\/3969","targetHints":{"allow":["GET"]}}],"collection":[{"href":"https:\/\/nordesteimprensa.com.br\/index.php\/wp-json\/wp\/v2\/posts"}],"about":[{"href":"https:\/\/nordesteimprensa.com.br\/index.php\/wp-json\/wp\/v2\/types\/post"}],"author":[{"embeddable":true,"href":"https:\/\/nordesteimprensa.com.br\/index.php\/wp-json\/wp\/v2\/users\/6"}],"replies":[{"embeddable":true,"href":"https:\/\/nordesteimprensa.com.br\/index.php\/wp-json\/wp\/v2\/comments?post=3969"}],"version-history":[{"count":1,"href":"https:\/\/nordesteimprensa.com.br\/index.php\/wp-json\/wp\/v2\/posts\/3969\/revisions"}],"predecessor-version":[{"id":3972,"href":"https:\/\/nordesteimprensa.com.br\/index.php\/wp-json\/wp\/v2\/posts\/3969\/revisions\/3972"}],"wp:featuredmedia":[{"embeddable":true,"href":"https:\/\/nordesteimprensa.com.br\/index.php\/wp-json\/wp\/v2\/media\/3971"}],"wp:attachment":[{"href":"https:\/\/nordesteimprensa.com.br\/index.php\/wp-json\/wp\/v2\/media?parent=3969"}],"wp:term":[{"taxonomy":"category","embeddable":true,"href":"https:\/\/nordesteimprensa.com.br\/index.php\/wp-json\/wp\/v2\/categories?post=3969"},{"taxonomy":"post_tag","embeddable":true,"href":"https:\/\/nordesteimprensa.com.br\/index.php\/wp-json\/wp\/v2\/tags?post=3969"}],"curies":[{"name":"wp","href":"https:\/\/api.w.org\/{rel}","templated":true}]}}