{"id":3982,"date":"2023-12-13T11:05:59","date_gmt":"2023-12-13T14:05:59","guid":{"rendered":"https:\/\/nordesteimprensa.com.br\/?p=3982"},"modified":"2023-12-13T11:05:59","modified_gmt":"2023-12-13T14:05:59","slug":"possivel-relacionamento-de-carminha-e-inaldo-nao-impediria-candidatura-a-prefeita","status":"publish","type":"post","link":"https:\/\/nordesteimprensa.com.br\/index.php\/2023\/12\/13\/possivel-relacionamento-de-carminha-e-inaldo-nao-impediria-candidatura-a-prefeita\/","title":{"rendered":"Poss\u00edvel relacionamento de Carminha e Inaldo n\u00e3o impediria candidatura a prefeita"},"content":{"rendered":"\n<p>Segundo juristas, namoros qualificados s\u00e3o diferentes de uma uni\u00e3o est\u00e1vel, que poderia ser o \u00fanico fator, se comprovado, que impediria uma poss\u00edvel elei\u00e7\u00e3o da deputada estadual Carminha Paiva (Republicanos) como prefeita em Nossa Senhora do Socorro.<\/p>\n\n\n\n<p>No namoro qualificado h\u00e1 planos para constitui\u00e7\u00e3o de fam\u00edlia, h\u00e1 projetos para o futuro, enquanto na uni\u00e3o est\u00e1vel h\u00e1 uma fam\u00edlia plena j\u00e1 constitu\u00edda que transmite a imagem externa de um casamento, ou, em outras palavras, transmite a \u201capar\u00eancia de casamento\u201d.<\/p>\n\n\n\n<p>No caso de Carminha, ela \u00e9 considerada solteira, informa\u00e7\u00e3o que, inclusive, consta no site oficial da Assembleia Legislativa de Sergipe (Alese). Por\u00e9m, setores da imprensa a tratam como esposa de Inaldo, o que poderia gerar a impugna\u00e7\u00e3o de sua candidatura.<\/p>\n\n\n\n<p>Especialistas na \u00e1rea, no entanto, alegam que a parlamentar pode se candidatar e somente ser\u00e1 impedida caso seja comprovada a exist\u00eancia ou n\u00e3o de uma poss\u00edvel uni\u00e3o est\u00e1vel, com elementos comprobat\u00f3rios e testemunhas.<\/p>\n\n\n\n<p><\/p>\n\n\n\n<p><\/p>\n\n\n\n<p><\/p>\n\n\n\n<p><\/p>\n\n\n\n<p><\/p>\n\n\n\n<p><\/p>\n\n\n\n<p><\/p>\n","protected":false},"excerpt":{"rendered":"<p>Segundo juristas, namoros qualificados s\u00e3o diferentes de uma uni\u00e3o est\u00e1vel, que poderia ser o \u00fanico fator, se comprovado, que impediria uma poss\u00edvel elei\u00e7\u00e3o da deputada estadual Carminha Paiva (Republicanos) como prefeita em Nossa Senhora do Socorro. No namoro qualificado h\u00e1 planos para constitui\u00e7\u00e3o de fam\u00edlia, h\u00e1 projetos para o futuro, enquanto na uni\u00e3o est\u00e1vel h\u00e1 [&hellip;]<\/p>\n","protected":false},"author":6,"featured_media":3983,"comment_status":"open","ping_status":"open","sticky":false,"template":"","format":"standard","meta":{"footnotes":""},"categories":[10],"tags":[],"class_list":{"0":"post-3982","1":"post","2":"type-post","3":"status-publish","4":"format-standard","5":"has-post-thumbnail","7":"category-theme-features"},"_links":{"self":[{"href":"https:\/\/nordesteimprensa.com.br\/index.php\/wp-json\/wp\/v2\/posts\/3982","targetHints":{"allow":["GET"]}}],"collection":[{"href":"https:\/\/nordesteimprensa.com.br\/index.php\/wp-json\/wp\/v2\/posts"}],"about":[{"href":"https:\/\/nordesteimprensa.com.br\/index.php\/wp-json\/wp\/v2\/types\/post"}],"author":[{"embeddable":true,"href":"https:\/\/nordesteimprensa.com.br\/index.php\/wp-json\/wp\/v2\/users\/6"}],"replies":[{"embeddable":true,"href":"https:\/\/nordesteimprensa.com.br\/index.php\/wp-json\/wp\/v2\/comments?post=3982"}],"version-history":[{"count":1,"href":"https:\/\/nordesteimprensa.com.br\/index.php\/wp-json\/wp\/v2\/posts\/3982\/revisions"}],"predecessor-version":[{"id":3984,"href":"https:\/\/nordesteimprensa.com.br\/index.php\/wp-json\/wp\/v2\/posts\/3982\/revisions\/3984"}],"wp:featuredmedia":[{"embeddable":true,"href":"https:\/\/nordesteimprensa.com.br\/index.php\/wp-json\/wp\/v2\/media\/3983"}],"wp:attachment":[{"href":"https:\/\/nordesteimprensa.com.br\/index.php\/wp-json\/wp\/v2\/media?parent=3982"}],"wp:term":[{"taxonomy":"category","embeddable":true,"href":"https:\/\/nordesteimprensa.com.br\/index.php\/wp-json\/wp\/v2\/categories?post=3982"},{"taxonomy":"post_tag","embeddable":true,"href":"https:\/\/nordesteimprensa.com.br\/index.php\/wp-json\/wp\/v2\/tags?post=3982"}],"curies":[{"name":"wp","href":"https:\/\/api.w.org\/{rel}","templated":true}]}}