{"id":3985,"date":"2023-12-14T11:05:00","date_gmt":"2023-12-14T14:05:00","guid":{"rendered":"https:\/\/nordesteimprensa.com.br\/?p=3985"},"modified":"2023-12-14T11:05:01","modified_gmt":"2023-12-14T14:05:01","slug":"volante-trava-motorista-invade-contramao-e-duas-pessoas-ficam-feridas-em-aracaju","status":"publish","type":"post","link":"https:\/\/nordesteimprensa.com.br\/index.php\/2023\/12\/14\/volante-trava-motorista-invade-contramao-e-duas-pessoas-ficam-feridas-em-aracaju\/","title":{"rendered":"Volante trava, motorista invade contram\u00e3o e duas pessoas ficam feridas em Aracaju"},"content":{"rendered":"\n<p>Duas pessoas, que estavam em uma motocicleta ficaram feridas, ap\u00f3s uma colis\u00e3o com um carro, na Avenida S\u00e3o Paulo, no Bairro Siqueira Campos, em&nbsp;<a class=\"\" href=\"https:\/\/g1.globo.com\/se\/sergipe\/cidade\/aracaju\/\">Aracaju<\/a>, na noite desta quarta-feira (13).&nbsp;<\/p>\n\n\n\n<p>De acordo com a Superintend\u00eancia Municipal de Transporte e Tr\u00e2nsito (SMTT) de Aracaju, o motorista informou que o volante travou, ve\u00edculo foi para o sentido contr\u00e1rio da via e a tingiu a moto.&nbsp;<\/p>\n\n\n\n<p>Equipes da SMTT, organizaram o fluxo de ve\u00edculos no local. As duas pessoas feridas foram atendidas e socorridas pelo Servi\u00e7o de Atendimento M\u00f3vel de Urg\u00eancia (Samu). O estado de sa\u00fade delas n\u00e3o foi informado.<\/p>\n\n\n\n<p>fonte: G1 <\/p>\n\n\n\n<p><\/p>\n\n\n\n<p><\/p>\n\n\n\n<p><\/p>\n\n\n\n<p><\/p>\n","protected":false},"excerpt":{"rendered":"<p>Duas pessoas, que estavam em uma motocicleta ficaram feridas, ap\u00f3s uma colis\u00e3o com um carro, na Avenida S\u00e3o Paulo, no Bairro Siqueira Campos, em&nbsp;Aracaju, na noite desta quarta-feira (13).&nbsp; De acordo com a Superintend\u00eancia Municipal de Transporte e Tr\u00e2nsito (SMTT) de Aracaju, o motorista informou que o volante travou, ve\u00edculo foi para o sentido contr\u00e1rio [&hellip;]<\/p>\n","protected":false},"author":6,"featured_media":3986,"comment_status":"open","ping_status":"open","sticky":false,"template":"","format":"standard","meta":{"footnotes":""},"categories":[10],"tags":[],"class_list":{"0":"post-3985","1":"post","2":"type-post","3":"status-publish","4":"format-standard","5":"has-post-thumbnail","7":"category-theme-features"},"_links":{"self":[{"href":"https:\/\/nordesteimprensa.com.br\/index.php\/wp-json\/wp\/v2\/posts\/3985","targetHints":{"allow":["GET"]}}],"collection":[{"href":"https:\/\/nordesteimprensa.com.br\/index.php\/wp-json\/wp\/v2\/posts"}],"about":[{"href":"https:\/\/nordesteimprensa.com.br\/index.php\/wp-json\/wp\/v2\/types\/post"}],"author":[{"embeddable":true,"href":"https:\/\/nordesteimprensa.com.br\/index.php\/wp-json\/wp\/v2\/users\/6"}],"replies":[{"embeddable":true,"href":"https:\/\/nordesteimprensa.com.br\/index.php\/wp-json\/wp\/v2\/comments?post=3985"}],"version-history":[{"count":1,"href":"https:\/\/nordesteimprensa.com.br\/index.php\/wp-json\/wp\/v2\/posts\/3985\/revisions"}],"predecessor-version":[{"id":3987,"href":"https:\/\/nordesteimprensa.com.br\/index.php\/wp-json\/wp\/v2\/posts\/3985\/revisions\/3987"}],"wp:featuredmedia":[{"embeddable":true,"href":"https:\/\/nordesteimprensa.com.br\/index.php\/wp-json\/wp\/v2\/media\/3986"}],"wp:attachment":[{"href":"https:\/\/nordesteimprensa.com.br\/index.php\/wp-json\/wp\/v2\/media?parent=3985"}],"wp:term":[{"taxonomy":"category","embeddable":true,"href":"https:\/\/nordesteimprensa.com.br\/index.php\/wp-json\/wp\/v2\/categories?post=3985"},{"taxonomy":"post_tag","embeddable":true,"href":"https:\/\/nordesteimprensa.com.br\/index.php\/wp-json\/wp\/v2\/tags?post=3985"}],"curies":[{"name":"wp","href":"https:\/\/api.w.org\/{rel}","templated":true}]}}