{"id":3988,"date":"2023-12-14T11:06:15","date_gmt":"2023-12-14T14:06:15","guid":{"rendered":"https:\/\/nordesteimprensa.com.br\/?p=3988"},"modified":"2023-12-14T11:06:15","modified_gmt":"2023-12-14T14:06:15","slug":"secretaria-de-meio-ambiente-emite-alerta-de-baixa-umidade-para-tres-municipios-do-alto-sertao-sergipano","status":"publish","type":"post","link":"https:\/\/nordesteimprensa.com.br\/index.php\/2023\/12\/14\/secretaria-de-meio-ambiente-emite-alerta-de-baixa-umidade-para-tres-municipios-do-alto-sertao-sergipano\/","title":{"rendered":"Secretaria de Meio Ambiente emite alerta de baixa umidade para tr\u00eas munic\u00edpios do alto sert\u00e3o sergipano"},"content":{"rendered":"\n<p>Nesta quarta-feira, 13, a Secretaria de Estado do Meio Ambiente, Sustentabilidade e A\u00e7\u00f5es Clim\u00e1ticas (Semac) emitiu um alerta meteorol\u00f3gico que indica a possibilidade de baixa umidade em tr\u00eas munic\u00edpios do alto sert\u00e3o sergipano, Canind\u00e9 de S\u00e3o Francisco, Po\u00e7o Redondo e Monte Alegre de Sergipe, at\u00e9 as 23h30.<\/p>\n\n\n\n<p>Segundo a meteorologista da Semac, Wanda Tathyana de Castro, diante da climatologia e da atua\u00e7\u00e3o do fen\u00f4meno clim\u00e1tico El Ni\u00f1o, ocorre a redu\u00e7\u00e3o das chuvas, aumento da temperatura e redu\u00e7\u00e3o da nebulosidade; consequentemente, h\u00e1 a diminui\u00e7\u00e3o da umidade do ar e do solo.<\/p>\n\n\n\n<p>\u201cA \u00e1rea associada ao estado de Sergipe est\u00e1 sujeita \u00e0 baixa umidade relativa do ar, ou seja, a valores entre 20% a 30%, principalmente no per\u00edodo da tarde. De acordo com Organiza\u00e7\u00e3o Mundial da Sa\u00fade (OMS), \u00e9 recomendado \u00e0 popula\u00e7\u00e3o que evite a pr\u00e1tica de exerc\u00edcios f\u00edsicos ao ar livre entre as 11h e as 15h, e deve-se beber muita \u00e1gua para a adequada hidrata\u00e7\u00e3o corporal, principalmente idosos e crian\u00e7as. As condi\u00e7\u00f5es apresentam baixo risco de inc\u00eandios florestais e \u00e0 sa\u00fade\u201d, alertou a meteorologista.<\/p>\n\n\n\n<p>Fonte: ASN<\/p>\n\n\n\n<p><\/p>\n\n\n\n<p><\/p>\n\n\n\n<p><\/p>\n\n\n\n<p><\/p>\n\n\n\n<p><\/p>\n","protected":false},"excerpt":{"rendered":"<p>Nesta quarta-feira, 13, a Secretaria de Estado do Meio Ambiente, Sustentabilidade e A\u00e7\u00f5es Clim\u00e1ticas (Semac) emitiu um alerta meteorol\u00f3gico que indica a possibilidade de baixa umidade em tr\u00eas munic\u00edpios do alto sert\u00e3o sergipano, Canind\u00e9 de S\u00e3o Francisco, Po\u00e7o Redondo e Monte Alegre de Sergipe, at\u00e9 as 23h30. Segundo a meteorologista da Semac, Wanda Tathyana de [&hellip;]<\/p>\n","protected":false},"author":6,"featured_media":3990,"comment_status":"open","ping_status":"open","sticky":false,"template":"","format":"standard","meta":{"footnotes":""},"categories":[10],"tags":[],"class_list":{"0":"post-3988","1":"post","2":"type-post","3":"status-publish","4":"format-standard","5":"has-post-thumbnail","7":"category-theme-features"},"_links":{"self":[{"href":"https:\/\/nordesteimprensa.com.br\/index.php\/wp-json\/wp\/v2\/posts\/3988","targetHints":{"allow":["GET"]}}],"collection":[{"href":"https:\/\/nordesteimprensa.com.br\/index.php\/wp-json\/wp\/v2\/posts"}],"about":[{"href":"https:\/\/nordesteimprensa.com.br\/index.php\/wp-json\/wp\/v2\/types\/post"}],"author":[{"embeddable":true,"href":"https:\/\/nordesteimprensa.com.br\/index.php\/wp-json\/wp\/v2\/users\/6"}],"replies":[{"embeddable":true,"href":"https:\/\/nordesteimprensa.com.br\/index.php\/wp-json\/wp\/v2\/comments?post=3988"}],"version-history":[{"count":1,"href":"https:\/\/nordesteimprensa.com.br\/index.php\/wp-json\/wp\/v2\/posts\/3988\/revisions"}],"predecessor-version":[{"id":3991,"href":"https:\/\/nordesteimprensa.com.br\/index.php\/wp-json\/wp\/v2\/posts\/3988\/revisions\/3991"}],"wp:featuredmedia":[{"embeddable":true,"href":"https:\/\/nordesteimprensa.com.br\/index.php\/wp-json\/wp\/v2\/media\/3990"}],"wp:attachment":[{"href":"https:\/\/nordesteimprensa.com.br\/index.php\/wp-json\/wp\/v2\/media?parent=3988"}],"wp:term":[{"taxonomy":"category","embeddable":true,"href":"https:\/\/nordesteimprensa.com.br\/index.php\/wp-json\/wp\/v2\/categories?post=3988"},{"taxonomy":"post_tag","embeddable":true,"href":"https:\/\/nordesteimprensa.com.br\/index.php\/wp-json\/wp\/v2\/tags?post=3988"}],"curies":[{"name":"wp","href":"https:\/\/api.w.org\/{rel}","templated":true}]}}