{"id":3992,"date":"2023-12-14T11:07:20","date_gmt":"2023-12-14T14:07:20","guid":{"rendered":"https:\/\/nordesteimprensa.com.br\/?p=3992"},"modified":"2023-12-14T11:07:20","modified_gmt":"2023-12-14T14:07:20","slug":"justica-encerra-processo-da-morte-do-delegado-ademir-e-reu-e-inocentado","status":"publish","type":"post","link":"https:\/\/nordesteimprensa.com.br\/index.php\/2023\/12\/14\/justica-encerra-processo-da-morte-do-delegado-ademir-e-reu-e-inocentado\/","title":{"rendered":"Justi\u00e7a encerra processo da morte do delegado Ademir e r\u00e9u \u00e9 inocentado"},"content":{"rendered":"\n<p>Nesta quarta-feira (13), a Justi\u00e7a encerrou o processo sobre a morte do delegado Ademir Melo e inocentou Anderson de Souza, motoboy acusado do crime.<\/p>\n\n\n\n<p>Durante as audi\u00eancias, Anderson chegou a confessar o crime mas, no ano passado, alegou que era inocente e indicou um policial civil como autor dos tiros e um outro delegado como o mandante do crime.<\/p>\n\n\n\n<p>Exclusivo: Cidade Alerta tem acesso a depoimentos no j\u00fari no caso do delegado Ademir Melo<\/p>\n\n\n\n<p>Ainda no ano passado, o J\u00fari Popular decidiu pela inoc\u00eancia de Anderson e, ap\u00f3s essa decis\u00e3o, o Minist\u00e9rio P\u00fablico de Sergipe (MPSE) entrou com recurso especial para tentar anular a decis\u00e3o, que foi negado pela Justi\u00e7a.<\/p>\n\n\n\n<p>Agora, apesar do caso ter sido encerrado, os questionamentos sobre a morte de Ademir continuam sem resposta j\u00e1 que os reais autores e mandantes do assassinato ainda n\u00e3o foram localizados.<\/p>\n\n\n\n<p><strong>Relembre o caso<\/strong><\/p>\n\n\n\n<p>Em junho de 2016, o delegado Ademir Melo passeava com seu cachorro e foi baleado por um motociclista. A suspeita inicial era de latroc\u00ednio, vers\u00e3o que ainda \u00e9 defendida pela Secretaria de Seguran\u00e7a P\u00fablica do Estado (SSP\/SE), mas nenhum pertence da v\u00edtima foi roubado.<\/p>\n\n\n\n<p>Fonte: A8SE<\/p>\n\n\n\n<p><\/p>\n\n\n\n<p><\/p>\n\n\n\n<p><\/p>\n\n\n\n<p><\/p>\n","protected":false},"excerpt":{"rendered":"<p>Nesta quarta-feira (13), a Justi\u00e7a encerrou o processo sobre a morte do delegado Ademir Melo e inocentou Anderson de Souza, motoboy acusado do crime. Durante as audi\u00eancias, Anderson chegou a confessar o crime mas, no ano passado, alegou que era inocente e indicou um policial civil como autor dos tiros e um outro delegado como [&hellip;]<\/p>\n","protected":false},"author":6,"featured_media":3993,"comment_status":"open","ping_status":"open","sticky":false,"template":"","format":"standard","meta":{"footnotes":""},"categories":[10],"tags":[],"class_list":{"0":"post-3992","1":"post","2":"type-post","3":"status-publish","4":"format-standard","5":"has-post-thumbnail","7":"category-theme-features"},"_links":{"self":[{"href":"https:\/\/nordesteimprensa.com.br\/index.php\/wp-json\/wp\/v2\/posts\/3992","targetHints":{"allow":["GET"]}}],"collection":[{"href":"https:\/\/nordesteimprensa.com.br\/index.php\/wp-json\/wp\/v2\/posts"}],"about":[{"href":"https:\/\/nordesteimprensa.com.br\/index.php\/wp-json\/wp\/v2\/types\/post"}],"author":[{"embeddable":true,"href":"https:\/\/nordesteimprensa.com.br\/index.php\/wp-json\/wp\/v2\/users\/6"}],"replies":[{"embeddable":true,"href":"https:\/\/nordesteimprensa.com.br\/index.php\/wp-json\/wp\/v2\/comments?post=3992"}],"version-history":[{"count":1,"href":"https:\/\/nordesteimprensa.com.br\/index.php\/wp-json\/wp\/v2\/posts\/3992\/revisions"}],"predecessor-version":[{"id":3994,"href":"https:\/\/nordesteimprensa.com.br\/index.php\/wp-json\/wp\/v2\/posts\/3992\/revisions\/3994"}],"wp:featuredmedia":[{"embeddable":true,"href":"https:\/\/nordesteimprensa.com.br\/index.php\/wp-json\/wp\/v2\/media\/3993"}],"wp:attachment":[{"href":"https:\/\/nordesteimprensa.com.br\/index.php\/wp-json\/wp\/v2\/media?parent=3992"}],"wp:term":[{"taxonomy":"category","embeddable":true,"href":"https:\/\/nordesteimprensa.com.br\/index.php\/wp-json\/wp\/v2\/categories?post=3992"},{"taxonomy":"post_tag","embeddable":true,"href":"https:\/\/nordesteimprensa.com.br\/index.php\/wp-json\/wp\/v2\/tags?post=3992"}],"curies":[{"name":"wp","href":"https:\/\/api.w.org\/{rel}","templated":true}]}}