{"id":3995,"date":"2023-12-15T10:01:08","date_gmt":"2023-12-15T13:01:08","guid":{"rendered":"https:\/\/nordesteimprensa.com.br\/?p=3995"},"modified":"2023-12-15T10:01:08","modified_gmt":"2023-12-15T13:01:08","slug":"homem-invade-casa-mata-pessoa-com-deficiencia-e-um-cachorro","status":"publish","type":"post","link":"https:\/\/nordesteimprensa.com.br\/index.php\/2023\/12\/15\/homem-invade-casa-mata-pessoa-com-deficiencia-e-um-cachorro\/","title":{"rendered":"Homem invade casa, mata pessoa com defici\u00eancia e um cachorro"},"content":{"rendered":"\n<p>Na \u00faltima quarta-feira, 13, um jovem, que era cadeirante, foi morto tiros, enquanto estava deitado no quarto,&nbsp; no Povoado Pedreiras, munic\u00edpio de S\u00e3o Crist\u00f3v\u00e3o.<\/p>\n\n\n\n<p>De acordo com a Pol\u00edcia Militar, testemunhas informaram que o suspeito invadiu a resid\u00eancia, efetuou os disparos no jovem, matou tamb\u00e9m o cachorro dele e fugiu.<\/p>\n\n\n\n<p>O Servi\u00e7o de Atendimento M\u00f3vel de Urg\u00eancia (Samu) foi acionado, mas quando chegou ao local, o jovem j\u00e1 estava sem vida.<\/p>\n\n\n\n<p>O Instituto M\u00e9dico Legal (IML) recolheu o corpo. Quem tiver informa\u00e7\u00f5es que possam ajudar a pol\u00edcia na investiga\u00e7\u00e3o do caso, deve ligar para o Disque-Den\u00fancia 181.<\/p>\n\n\n\n<p>Fonte: G1 SE<\/p>\n\n\n\n<p><\/p>\n\n\n\n<p><\/p>\n\n\n\n<p><\/p>\n\n\n\n<p><\/p>\n","protected":false},"excerpt":{"rendered":"<p>Na \u00faltima quarta-feira, 13, um jovem, que era cadeirante, foi morto tiros, enquanto estava deitado no quarto,&nbsp; no Povoado Pedreiras, munic\u00edpio de S\u00e3o Crist\u00f3v\u00e3o. De acordo com a Pol\u00edcia Militar, testemunhas informaram que o suspeito invadiu a resid\u00eancia, efetuou os disparos no jovem, matou tamb\u00e9m o cachorro dele e fugiu. O Servi\u00e7o de Atendimento M\u00f3vel [&hellip;]<\/p>\n","protected":false},"author":6,"featured_media":3996,"comment_status":"open","ping_status":"open","sticky":false,"template":"","format":"standard","meta":{"footnotes":""},"categories":[10],"tags":[],"class_list":{"0":"post-3995","1":"post","2":"type-post","3":"status-publish","4":"format-standard","5":"has-post-thumbnail","7":"category-theme-features"},"_links":{"self":[{"href":"https:\/\/nordesteimprensa.com.br\/index.php\/wp-json\/wp\/v2\/posts\/3995","targetHints":{"allow":["GET"]}}],"collection":[{"href":"https:\/\/nordesteimprensa.com.br\/index.php\/wp-json\/wp\/v2\/posts"}],"about":[{"href":"https:\/\/nordesteimprensa.com.br\/index.php\/wp-json\/wp\/v2\/types\/post"}],"author":[{"embeddable":true,"href":"https:\/\/nordesteimprensa.com.br\/index.php\/wp-json\/wp\/v2\/users\/6"}],"replies":[{"embeddable":true,"href":"https:\/\/nordesteimprensa.com.br\/index.php\/wp-json\/wp\/v2\/comments?post=3995"}],"version-history":[{"count":1,"href":"https:\/\/nordesteimprensa.com.br\/index.php\/wp-json\/wp\/v2\/posts\/3995\/revisions"}],"predecessor-version":[{"id":3997,"href":"https:\/\/nordesteimprensa.com.br\/index.php\/wp-json\/wp\/v2\/posts\/3995\/revisions\/3997"}],"wp:featuredmedia":[{"embeddable":true,"href":"https:\/\/nordesteimprensa.com.br\/index.php\/wp-json\/wp\/v2\/media\/3996"}],"wp:attachment":[{"href":"https:\/\/nordesteimprensa.com.br\/index.php\/wp-json\/wp\/v2\/media?parent=3995"}],"wp:term":[{"taxonomy":"category","embeddable":true,"href":"https:\/\/nordesteimprensa.com.br\/index.php\/wp-json\/wp\/v2\/categories?post=3995"},{"taxonomy":"post_tag","embeddable":true,"href":"https:\/\/nordesteimprensa.com.br\/index.php\/wp-json\/wp\/v2\/tags?post=3995"}],"curies":[{"name":"wp","href":"https:\/\/api.w.org\/{rel}","templated":true}]}}