{"id":4001,"date":"2023-12-16T15:31:00","date_gmt":"2023-12-16T18:31:00","guid":{"rendered":"https:\/\/nordesteimprensa.com.br\/?p=4001"},"modified":"2023-12-16T15:31:01","modified_gmt":"2023-12-16T18:31:01","slug":"policiais-penais-federais-revistam-o-presidio-de-tobias-barreto","status":"publish","type":"post","link":"https:\/\/nordesteimprensa.com.br\/index.php\/2023\/12\/16\/policiais-penais-federais-revistam-o-presidio-de-tobias-barreto\/","title":{"rendered":"Policiais penais federais revistam o Pres\u00eddio de Tobias Barreto"},"content":{"rendered":"\n<p>No \u00faltimo dia 11, a Secretaria Nacional de Pol\u00edticas Penais (Senappen), ligada ao Minist\u00e9rio da Justi\u00e7a e Seguran\u00e7a P\u00fablica, deu in\u00edcio \u00e0 segunda fase da Opera\u00e7\u00e3o Mute. Durante a opera\u00e7\u00e3o, que aconteceu de forma simult\u00e2nea em todo o pa\u00eds, tr\u00eas unidades prisionais sergipanas \u2013 Complexo Penitenci\u00e1rio Dr. Manoel Carvalho Neto (Copemcan), Pres\u00eddio Semiaberto de Areia Branca (Presab) e Pres\u00eddio Regional Juiz Manoel Barbosa de Souza (Premabas) \u2013 foram revistadas por policiais penais federais e estaduais entre os dias 11 e 14 de dezembro.<\/p>\n\n\n\n<p>A opera\u00e7\u00e3o tem como objetivo identificar e retirar celulares localizados em unidades prisionais como forma de combater a comunica\u00e7\u00e3o il\u00edcita do crime organizado e reduzir os \u00edndices de viol\u00eancia.<\/p>\n\n\n\n<p>Segundo o balan\u00e7o final realizado pelo N\u00facleo de Intelig\u00eancia Penitenci\u00e1ria do Departamento do Sistema Prisional (NIP\/Desipe), que guiou a opera\u00e7\u00e3o em Sergipe, foram apreendidos 17 celulares, dez chips de celular, oito fones de ouvido, dez carregadores, dez cabos do tipo USB e 32 trouxas contendo drogas.<\/p>\n\n\n\n<p>Nesta segunda etapa da opera\u00e7\u00e3o in\u00e9dita realizada pela Senappen, 58 unidades prisionais de todo o pa\u00eds foram revistadas por policiais penais federais e estaduais entre os dias 11 e 15 de dezembro.<\/p>\n\n\n\n<p>Fonte: Governo de Sergipe<\/p>\n","protected":false},"excerpt":{"rendered":"<p>No \u00faltimo dia 11, a Secretaria Nacional de Pol\u00edticas Penais (Senappen), ligada ao Minist\u00e9rio da Justi\u00e7a e Seguran\u00e7a P\u00fablica, deu in\u00edcio \u00e0 segunda fase da Opera\u00e7\u00e3o Mute. Durante a opera\u00e7\u00e3o, que aconteceu de forma simult\u00e2nea em todo o pa\u00eds, tr\u00eas unidades prisionais sergipanas \u2013 Complexo Penitenci\u00e1rio Dr. Manoel Carvalho Neto (Copemcan), Pres\u00eddio Semiaberto de Areia [&hellip;]<\/p>\n","protected":false},"author":6,"featured_media":4002,"comment_status":"open","ping_status":"open","sticky":false,"template":"","format":"standard","meta":{"footnotes":""},"categories":[10],"tags":[],"class_list":{"0":"post-4001","1":"post","2":"type-post","3":"status-publish","4":"format-standard","5":"has-post-thumbnail","7":"category-theme-features"},"_links":{"self":[{"href":"https:\/\/nordesteimprensa.com.br\/index.php\/wp-json\/wp\/v2\/posts\/4001","targetHints":{"allow":["GET"]}}],"collection":[{"href":"https:\/\/nordesteimprensa.com.br\/index.php\/wp-json\/wp\/v2\/posts"}],"about":[{"href":"https:\/\/nordesteimprensa.com.br\/index.php\/wp-json\/wp\/v2\/types\/post"}],"author":[{"embeddable":true,"href":"https:\/\/nordesteimprensa.com.br\/index.php\/wp-json\/wp\/v2\/users\/6"}],"replies":[{"embeddable":true,"href":"https:\/\/nordesteimprensa.com.br\/index.php\/wp-json\/wp\/v2\/comments?post=4001"}],"version-history":[{"count":1,"href":"https:\/\/nordesteimprensa.com.br\/index.php\/wp-json\/wp\/v2\/posts\/4001\/revisions"}],"predecessor-version":[{"id":4003,"href":"https:\/\/nordesteimprensa.com.br\/index.php\/wp-json\/wp\/v2\/posts\/4001\/revisions\/4003"}],"wp:featuredmedia":[{"embeddable":true,"href":"https:\/\/nordesteimprensa.com.br\/index.php\/wp-json\/wp\/v2\/media\/4002"}],"wp:attachment":[{"href":"https:\/\/nordesteimprensa.com.br\/index.php\/wp-json\/wp\/v2\/media?parent=4001"}],"wp:term":[{"taxonomy":"category","embeddable":true,"href":"https:\/\/nordesteimprensa.com.br\/index.php\/wp-json\/wp\/v2\/categories?post=4001"},{"taxonomy":"post_tag","embeddable":true,"href":"https:\/\/nordesteimprensa.com.br\/index.php\/wp-json\/wp\/v2\/tags?post=4001"}],"curies":[{"name":"wp","href":"https:\/\/api.w.org\/{rel}","templated":true}]}}