{"id":4007,"date":"2023-12-16T15:37:10","date_gmt":"2023-12-16T18:37:10","guid":{"rendered":"https:\/\/nordesteimprensa.com.br\/?p=4007"},"modified":"2023-12-17T11:26:20","modified_gmt":"2023-12-17T14:26:20","slug":"andre-david-crava-vantagem-para-2024-em-estancia-mostra-pesquisa","status":"publish","type":"post","link":"https:\/\/nordesteimprensa.com.br\/index.php\/2023\/12\/16\/andre-david-crava-vantagem-para-2024-em-estancia-mostra-pesquisa\/","title":{"rendered":"Andr\u00e9 David crava vantagem para 2024 em Est\u00e2ncia, mostra pesquisa"},"content":{"rendered":"\n<p>O delegado Andr\u00e9 David (Republicanos) cravou uma s\u00f3lida lideran\u00e7a na disputa pela prefeitura de Est\u00e2ncia nas elei\u00e7\u00f5es 2024, conforme aponta a mais recente pesquisa de opini\u00e3o p\u00fablica realizada pela Revista Realce.<\/p>\n\n\n\n<p>Consolidando uma vantagem de mais de 10 pontos percentuais sobre o pr\u00e9-candidato da situa\u00e7\u00e3o, Andr\u00e9 David tem a prefer\u00eancia de 32,2% dos entrevistados, enquanto Andr\u00e9 Gra\u00e7a (PP), tem 21,4% das inten\u00e7\u00f5es de voto.<\/p>\n\n\n\n<p>Ivan Leite (Republicanos) ocupa a terceira posi\u00e7\u00e3o com 18,5%, seguido pelo vereador Artur Oliveira (PT), com 2,6%. Brancos e nulos somam 12,4%, enquanto os indecisos representam 12,9%.<\/p>\n\n\n\n<p>A pesquisa tamb\u00e9m apresenta um cen\u00e1rio alternativo, sem a presen\u00e7a de Andr\u00e9 David. Nele, Ivan Leite assume a lideran\u00e7a com 30,2% das prefer\u00eancias, quando apresentado como candidato com apoio do delegado; seguido por Andr\u00e9 Gra\u00e7a, que alcan\u00e7a 25,1%. Artur Oliveira permanece em terceiro lugar com 3,3%. Brancos e nulos atingem 17,7%, enquanto os indecisos representam 23,7%.<\/p>\n\n\n\n<p>A pesquisa foi realizada nos dias 11 e 12 de dezembro, com 711 entrevistas. A margem de erro \u00e9 de 4% e o n\u00edvel de confian\u00e7a \u00e9 de 95%.<\/p>\n\n\n\n<p><\/p>\n\n\n\n<p><\/p>\n\n\n\n<p><\/p>\n\n\n\n<p><\/p>\n\n\n\n<p><\/p>\n","protected":false},"excerpt":{"rendered":"<p>O delegado Andr\u00e9 David (Republicanos) cravou uma s\u00f3lida lideran\u00e7a na disputa pela prefeitura de Est\u00e2ncia nas elei\u00e7\u00f5es 2024, conforme aponta a mais recente pesquisa de opini\u00e3o p\u00fablica realizada pela Revista Realce. Consolidando uma vantagem de mais de 10 pontos percentuais sobre o pr\u00e9-candidato da situa\u00e7\u00e3o, Andr\u00e9 David tem a prefer\u00eancia de 32,2% dos entrevistados, enquanto [&hellip;]<\/p>\n","protected":false},"author":6,"featured_media":4008,"comment_status":"open","ping_status":"open","sticky":false,"template":"","format":"standard","meta":{"footnotes":""},"categories":[1],"tags":[],"class_list":{"0":"post-4007","1":"post","2":"type-post","3":"status-publish","4":"format-standard","5":"has-post-thumbnail","7":"category-sem-categoria"},"_links":{"self":[{"href":"https:\/\/nordesteimprensa.com.br\/index.php\/wp-json\/wp\/v2\/posts\/4007","targetHints":{"allow":["GET"]}}],"collection":[{"href":"https:\/\/nordesteimprensa.com.br\/index.php\/wp-json\/wp\/v2\/posts"}],"about":[{"href":"https:\/\/nordesteimprensa.com.br\/index.php\/wp-json\/wp\/v2\/types\/post"}],"author":[{"embeddable":true,"href":"https:\/\/nordesteimprensa.com.br\/index.php\/wp-json\/wp\/v2\/users\/6"}],"replies":[{"embeddable":true,"href":"https:\/\/nordesteimprensa.com.br\/index.php\/wp-json\/wp\/v2\/comments?post=4007"}],"version-history":[{"count":1,"href":"https:\/\/nordesteimprensa.com.br\/index.php\/wp-json\/wp\/v2\/posts\/4007\/revisions"}],"predecessor-version":[{"id":4009,"href":"https:\/\/nordesteimprensa.com.br\/index.php\/wp-json\/wp\/v2\/posts\/4007\/revisions\/4009"}],"wp:featuredmedia":[{"embeddable":true,"href":"https:\/\/nordesteimprensa.com.br\/index.php\/wp-json\/wp\/v2\/media\/4008"}],"wp:attachment":[{"href":"https:\/\/nordesteimprensa.com.br\/index.php\/wp-json\/wp\/v2\/media?parent=4007"}],"wp:term":[{"taxonomy":"category","embeddable":true,"href":"https:\/\/nordesteimprensa.com.br\/index.php\/wp-json\/wp\/v2\/categories?post=4007"},{"taxonomy":"post_tag","embeddable":true,"href":"https:\/\/nordesteimprensa.com.br\/index.php\/wp-json\/wp\/v2\/tags?post=4007"}],"curies":[{"name":"wp","href":"https:\/\/api.w.org\/{rel}","templated":true}]}}