{"id":4050,"date":"2023-12-20T10:28:04","date_gmt":"2023-12-20T13:28:04","guid":{"rendered":"https:\/\/nordesteimprensa.com.br\/?p=4050"},"modified":"2023-12-20T10:30:12","modified_gmt":"2023-12-20T13:30:12","slug":"dois-homens-morrem-apos-troca-de-tiros-com-policiais-em-capela","status":"publish","type":"post","link":"https:\/\/nordesteimprensa.com.br\/index.php\/2023\/12\/20\/dois-homens-morrem-apos-troca-de-tiros-com-policiais-em-capela\/","title":{"rendered":"Dois homens morrem ap\u00f3s troca de tiros com policiais em Capela"},"content":{"rendered":"\n<p>Dois homens morreram ap\u00f3s uma troca de tiros com policiais, durante opera\u00e7\u00e3o para cumprimento de mandados de pris\u00e3o em Capela, nesta ter\u00e7a-feira, 19. Um dos homens tinha envolvimento com o homic\u00eddio que ocorreu em um bar de Capela.<\/p>\n\n\n\n<p>Segundo informa\u00e7\u00f5es do Comando do Policiamento Militar do Interior (CPMI), dois investigados por tr\u00e1fico de drogas, com envolvimento na disputa de pontos de venda de drogas, foram identificados.<\/p>\n\n\n\n<p>A Delegacia de Capela solicitou as decis\u00f5es judiciais de pris\u00e3o e busca e apreens\u00e3o. Durante o cumprimento das decis\u00f5es judiciais, dois investigados entraram em confronto com as equipes policiais, foram atingidos, socorridos, mas n\u00e3o resistiram aos ferimentos e morreram.<\/p>\n\n\n\n<p>De acordo com o CPMI, um dos investigados teria envolvimento com um homic\u00eddio que ocorreu em um bar do munic\u00edpio. Ele teria chamado a v\u00edtima para o local alegando que iria pagar uma d\u00edvida que possu\u00eda com a v\u00edtima.<\/p>\n\n\n\n<p>Na opera\u00e7\u00e3o, as equipes policiais apreenderam duas armas de fogo, muni\u00e7\u00f5es, tr\u00eas celulares, drogas, material para embalagem e venda do entorpecente, al\u00e9m de uma balan\u00e7a de precis\u00e3o.<\/p>\n\n\n\n<p>A Pol\u00edcia Civil solicita que informa\u00e7\u00f5es e den\u00fancias referentes ao homic\u00eddio que ocorreu em um bar do munic\u00edpio e tamb\u00e9m sobre o tr\u00e1fico de drogas podem ser repassadas \u00e0 pol\u00edcia por meio do Disque-Den\u00fancia (181). O sigilo \u00e9 garantido.<\/p>\n\n\n\n<p><em>por Beatriz Fernandes e Aisla Vasconcelos&nbsp;<\/em><\/p>\n\n\n\n<p><\/p>\n\n\n\n<p><\/p>\n\n\n\n<p><\/p>\n\n\n\n<p><\/p>\n","protected":false},"excerpt":{"rendered":"<p>Dois homens morreram ap\u00f3s uma troca de tiros com policiais, durante opera\u00e7\u00e3o para cumprimento de mandados de pris\u00e3o em Capela, nesta ter\u00e7a-feira, 19. Um dos homens tinha envolvimento com o homic\u00eddio que ocorreu em um bar de Capela. Segundo informa\u00e7\u00f5es do Comando do Policiamento Militar do Interior (CPMI), dois investigados por tr\u00e1fico de drogas, com [&hellip;]<\/p>\n","protected":false},"author":1,"featured_media":4051,"comment_status":"open","ping_status":"open","sticky":false,"template":"","format":"standard","meta":{"footnotes":""},"categories":[10],"tags":[],"class_list":{"0":"post-4050","1":"post","2":"type-post","3":"status-publish","4":"format-standard","5":"has-post-thumbnail","7":"category-theme-features"},"_links":{"self":[{"href":"https:\/\/nordesteimprensa.com.br\/index.php\/wp-json\/wp\/v2\/posts\/4050","targetHints":{"allow":["GET"]}}],"collection":[{"href":"https:\/\/nordesteimprensa.com.br\/index.php\/wp-json\/wp\/v2\/posts"}],"about":[{"href":"https:\/\/nordesteimprensa.com.br\/index.php\/wp-json\/wp\/v2\/types\/post"}],"author":[{"embeddable":true,"href":"https:\/\/nordesteimprensa.com.br\/index.php\/wp-json\/wp\/v2\/users\/1"}],"replies":[{"embeddable":true,"href":"https:\/\/nordesteimprensa.com.br\/index.php\/wp-json\/wp\/v2\/comments?post=4050"}],"version-history":[{"count":2,"href":"https:\/\/nordesteimprensa.com.br\/index.php\/wp-json\/wp\/v2\/posts\/4050\/revisions"}],"predecessor-version":[{"id":4053,"href":"https:\/\/nordesteimprensa.com.br\/index.php\/wp-json\/wp\/v2\/posts\/4050\/revisions\/4053"}],"wp:featuredmedia":[{"embeddable":true,"href":"https:\/\/nordesteimprensa.com.br\/index.php\/wp-json\/wp\/v2\/media\/4051"}],"wp:attachment":[{"href":"https:\/\/nordesteimprensa.com.br\/index.php\/wp-json\/wp\/v2\/media?parent=4050"}],"wp:term":[{"taxonomy":"category","embeddable":true,"href":"https:\/\/nordesteimprensa.com.br\/index.php\/wp-json\/wp\/v2\/categories?post=4050"},{"taxonomy":"post_tag","embeddable":true,"href":"https:\/\/nordesteimprensa.com.br\/index.php\/wp-json\/wp\/v2\/tags?post=4050"}],"curies":[{"name":"wp","href":"https:\/\/api.w.org\/{rel}","templated":true}]}}