{"id":4082,"date":"2023-12-23T11:08:38","date_gmt":"2023-12-23T14:08:38","guid":{"rendered":"https:\/\/nordesteimprensa.com.br\/?p=4082"},"modified":"2023-12-23T11:08:38","modified_gmt":"2023-12-23T14:08:38","slug":"verao-em-sergipe-deve-apresentar-chuvas-e-altas-temperaturas","status":"publish","type":"post","link":"https:\/\/nordesteimprensa.com.br\/index.php\/2023\/12\/23\/verao-em-sergipe-deve-apresentar-chuvas-e-altas-temperaturas\/","title":{"rendered":"Ver\u00e3o em Sergipe deve apresentar chuvas e altas temperaturas"},"content":{"rendered":"\n<p>O ver\u00e3o come\u00e7ou na madrugada da \u00faltima sexta-feira, 22, e promete muitas varia\u00e7\u00f5es na climatologia ao longo de tr\u00eas meses. De acordo com a Secretaria de Estado do Meio Ambiente, Sustentabilidade e A\u00e7\u00f5es Clim\u00e1ticas (Semac), as altas temperaturas devem se intensificar, ficando entre 35\u00ba e 38\u00ba, e tamb\u00e9m deve haver a ocorr\u00eancia de chuvas em menor escala.<\/p>\n\n\n\n<p>Segundo o gerente de Meteorologia e Mudan\u00e7a Clim\u00e1tica da Semac, Overland Amaral, os registros atuais mostram uma eleva\u00e7\u00e3o consider\u00e1vel das temperaturas. \u201cNo agreste e alto sert\u00e3o, por exemplo, tivemos temperaturas de 36\u00ba, podendo chegar aos 38\u00ba ao longo da esta\u00e7\u00e3o. Nos demais territ\u00f3rios, as m\u00e1ximas devem registrar de 32\u00ba a 34\u00ba\u201d, destacou.<\/p>\n\n\n\n<p>As chuvas de ver\u00e3o tamb\u00e9m s\u00e3o caracter\u00edsticas desse per\u00edodo. \u201cA esta\u00e7\u00e3o est\u00e1 se iniciando com uma circula\u00e7\u00e3o atmosf\u00e9rica que favorece instabilidades convectivas decorrentes do v\u00f3rtice cicl\u00f4nico de alto n\u00edvel que est\u00e1 atuando em Sergipe. Ent\u00e3o teremos uma esta\u00e7\u00e3o quente e com possibilidade de chuvas de trovoadas\u201d, informou o meteorologista Overland Amaral.<\/p>\n\n\n\n<p>O ver\u00e3o se estende at\u00e9 0h06 do dia 20 de mar\u00e7o de 2024. De acordo com Instituto Nacional de Meteorologia (Inmet), durante o ver\u00e3o, no extremo sul do Rio Grande do Sul, nordeste de Roraima e leste da regi\u00e3o Nordeste, os volumes totais de chuva costumam ser inferiores a 400 mil\u00edmetros (mm). Em m\u00e9dia, os maiores volumes podem ser observados nas regi\u00f5es Norte e Centro-Oeste, com acumulados entre 700 mm e 1.100 mm.<\/p>\n\n\n\n<p>Fonte: Semac<\/p>\n","protected":false},"excerpt":{"rendered":"<p>O ver\u00e3o come\u00e7ou na madrugada da \u00faltima sexta-feira, 22, e promete muitas varia\u00e7\u00f5es na climatologia ao longo de tr\u00eas meses. De acordo com a Secretaria de Estado do Meio Ambiente, Sustentabilidade e A\u00e7\u00f5es Clim\u00e1ticas (Semac), as altas temperaturas devem se intensificar, ficando entre 35\u00ba e 38\u00ba, e tamb\u00e9m deve haver a ocorr\u00eancia de chuvas em [&hellip;]<\/p>\n","protected":false},"author":1,"featured_media":4083,"comment_status":"open","ping_status":"open","sticky":false,"template":"","format":"standard","meta":{"footnotes":""},"categories":[10],"tags":[],"class_list":{"0":"post-4082","1":"post","2":"type-post","3":"status-publish","4":"format-standard","5":"has-post-thumbnail","7":"category-theme-features"},"_links":{"self":[{"href":"https:\/\/nordesteimprensa.com.br\/index.php\/wp-json\/wp\/v2\/posts\/4082","targetHints":{"allow":["GET"]}}],"collection":[{"href":"https:\/\/nordesteimprensa.com.br\/index.php\/wp-json\/wp\/v2\/posts"}],"about":[{"href":"https:\/\/nordesteimprensa.com.br\/index.php\/wp-json\/wp\/v2\/types\/post"}],"author":[{"embeddable":true,"href":"https:\/\/nordesteimprensa.com.br\/index.php\/wp-json\/wp\/v2\/users\/1"}],"replies":[{"embeddable":true,"href":"https:\/\/nordesteimprensa.com.br\/index.php\/wp-json\/wp\/v2\/comments?post=4082"}],"version-history":[{"count":1,"href":"https:\/\/nordesteimprensa.com.br\/index.php\/wp-json\/wp\/v2\/posts\/4082\/revisions"}],"predecessor-version":[{"id":4084,"href":"https:\/\/nordesteimprensa.com.br\/index.php\/wp-json\/wp\/v2\/posts\/4082\/revisions\/4084"}],"wp:featuredmedia":[{"embeddable":true,"href":"https:\/\/nordesteimprensa.com.br\/index.php\/wp-json\/wp\/v2\/media\/4083"}],"wp:attachment":[{"href":"https:\/\/nordesteimprensa.com.br\/index.php\/wp-json\/wp\/v2\/media?parent=4082"}],"wp:term":[{"taxonomy":"category","embeddable":true,"href":"https:\/\/nordesteimprensa.com.br\/index.php\/wp-json\/wp\/v2\/categories?post=4082"},{"taxonomy":"post_tag","embeddable":true,"href":"https:\/\/nordesteimprensa.com.br\/index.php\/wp-json\/wp\/v2\/tags?post=4082"}],"curies":[{"name":"wp","href":"https:\/\/api.w.org\/{rel}","templated":true}]}}