{"id":4088,"date":"2023-12-26T06:36:23","date_gmt":"2023-12-26T09:36:23","guid":{"rendered":"https:\/\/nordesteimprensa.com.br\/?p=4088"},"modified":"2023-12-26T06:36:23","modified_gmt":"2023-12-26T09:36:23","slug":"homem-e-agredido-a-pauladas-em-povoado-de-canhoba","status":"publish","type":"post","link":"https:\/\/nordesteimprensa.com.br\/index.php\/2023\/12\/26\/homem-e-agredido-a-pauladas-em-povoado-de-canhoba\/","title":{"rendered":"Homem \u00e9 agredido a pauladas em povoado de Canhoba"},"content":{"rendered":"\n<p>Na madrugada desta segunda-feira, 25, um indiv\u00edduo foi agredido a pauladas no Povoado Cara\u00edbas, localizado em Canhoba, interior do estado.<\/p>\n\n\n\n<p>Conforme relato da Pol\u00edcia Militar, a v\u00edtima foi atacada durante uma discuss\u00e3o envolvendo dois agressores, sendo um residente da mesma \u00e1rea e o outro um desconhecido.<\/p>\n\n\n\n<p>O homem ferido recebeu socorro imediato e foi encaminhado ao Hospital Regional de Propri\u00e1.<\/p>\n\n\n\n<p>fonte: G1<\/p>\n\n\n\n<p><\/p>\n\n\n\n<p><\/p>\n\n\n\n<p><\/p>\n","protected":false},"excerpt":{"rendered":"<p>Na madrugada desta segunda-feira, 25, um indiv\u00edduo foi agredido a pauladas no Povoado Cara\u00edbas, localizado em Canhoba, interior do estado. Conforme relato da Pol\u00edcia Militar, a v\u00edtima foi atacada durante uma discuss\u00e3o envolvendo dois agressores, sendo um residente da mesma \u00e1rea e o outro um desconhecido. O homem ferido recebeu socorro imediato e foi encaminhado [&hellip;]<\/p>\n","protected":false},"author":1,"featured_media":4089,"comment_status":"open","ping_status":"open","sticky":false,"template":"","format":"standard","meta":{"footnotes":""},"categories":[10],"tags":[],"class_list":{"0":"post-4088","1":"post","2":"type-post","3":"status-publish","4":"format-standard","5":"has-post-thumbnail","7":"category-theme-features"},"_links":{"self":[{"href":"https:\/\/nordesteimprensa.com.br\/index.php\/wp-json\/wp\/v2\/posts\/4088","targetHints":{"allow":["GET"]}}],"collection":[{"href":"https:\/\/nordesteimprensa.com.br\/index.php\/wp-json\/wp\/v2\/posts"}],"about":[{"href":"https:\/\/nordesteimprensa.com.br\/index.php\/wp-json\/wp\/v2\/types\/post"}],"author":[{"embeddable":true,"href":"https:\/\/nordesteimprensa.com.br\/index.php\/wp-json\/wp\/v2\/users\/1"}],"replies":[{"embeddable":true,"href":"https:\/\/nordesteimprensa.com.br\/index.php\/wp-json\/wp\/v2\/comments?post=4088"}],"version-history":[{"count":1,"href":"https:\/\/nordesteimprensa.com.br\/index.php\/wp-json\/wp\/v2\/posts\/4088\/revisions"}],"predecessor-version":[{"id":4090,"href":"https:\/\/nordesteimprensa.com.br\/index.php\/wp-json\/wp\/v2\/posts\/4088\/revisions\/4090"}],"wp:featuredmedia":[{"embeddable":true,"href":"https:\/\/nordesteimprensa.com.br\/index.php\/wp-json\/wp\/v2\/media\/4089"}],"wp:attachment":[{"href":"https:\/\/nordesteimprensa.com.br\/index.php\/wp-json\/wp\/v2\/media?parent=4088"}],"wp:term":[{"taxonomy":"category","embeddable":true,"href":"https:\/\/nordesteimprensa.com.br\/index.php\/wp-json\/wp\/v2\/categories?post=4088"},{"taxonomy":"post_tag","embeddable":true,"href":"https:\/\/nordesteimprensa.com.br\/index.php\/wp-json\/wp\/v2\/tags?post=4088"}],"curies":[{"name":"wp","href":"https:\/\/api.w.org\/{rel}","templated":true}]}}