{"id":4091,"date":"2023-12-26T07:02:44","date_gmt":"2023-12-26T10:02:44","guid":{"rendered":"https:\/\/nordesteimprensa.com.br\/?p=4091"},"modified":"2023-12-26T07:02:45","modified_gmt":"2023-12-26T10:02:45","slug":"foragido-da-justica-alagoana-por-homicidio-e-preso-dentro-de-onibus-em-itabaiana","status":"publish","type":"post","link":"https:\/\/nordesteimprensa.com.br\/index.php\/2023\/12\/26\/foragido-da-justica-alagoana-por-homicidio-e-preso-dentro-de-onibus-em-itabaiana\/","title":{"rendered":"Foragido da justi\u00e7a alagoana por homic\u00eddio \u00e9 preso dentro de \u00f4nibus em Itabaiana"},"content":{"rendered":"\n<p>Na \u00faltima quinta-feira, 21, um homem de 32 anos foi preso em Itabaiana. Ele estava foragido da justi\u00e7a alagoana, pelo crime de homic\u00eddio e foi localizado por equipes da Pol\u00edcia Rodovi\u00e1ria Federal (PRF), na rodovi\u00e1ria da cidade serrana.<\/p>\n\n\n\n<p>&nbsp;Segundo informa\u00e7\u00f5es da PRF, os agentes estavam realizando uma a\u00e7\u00e3o educativa, junto com a SMTT de Itabaiana, quando abordaram o passageiro do \u00f4nibus.&nbsp;<\/p>\n\n\n\n<p>A consulta digital revelou que ele possu\u00eda um mandado de pris\u00e3o em aberto, expedido pelo Tribunal de Justi\u00e7a de Alagoas (TJ\/AL), por homic\u00eddio\u201d, detalhou a PRF.<\/p>\n\n\n\n<p>O homem foi encaminhado \u00e0 Delegacia Regional de Itabaiana, onde o caso teve continuidade.&nbsp;<\/p>\n\n\n\n<p><em><strong>Foto: PRF\/SE<\/strong><\/em><\/p>\n\n\n\n<p><\/p>\n\n\n\n<p><\/p>\n\n\n\n<p><\/p>\n","protected":false},"excerpt":{"rendered":"<p>Na \u00faltima quinta-feira, 21, um homem de 32 anos foi preso em Itabaiana. Ele estava foragido da justi\u00e7a alagoana, pelo crime de homic\u00eddio e foi localizado por equipes da Pol\u00edcia Rodovi\u00e1ria Federal (PRF), na rodovi\u00e1ria da cidade serrana. &nbsp;Segundo informa\u00e7\u00f5es da PRF, os agentes estavam realizando uma a\u00e7\u00e3o educativa, junto com a SMTT de Itabaiana, [&hellip;]<\/p>\n","protected":false},"author":1,"featured_media":4092,"comment_status":"open","ping_status":"open","sticky":false,"template":"","format":"standard","meta":{"footnotes":""},"categories":[10],"tags":[],"class_list":{"0":"post-4091","1":"post","2":"type-post","3":"status-publish","4":"format-standard","5":"has-post-thumbnail","7":"category-theme-features"},"_links":{"self":[{"href":"https:\/\/nordesteimprensa.com.br\/index.php\/wp-json\/wp\/v2\/posts\/4091","targetHints":{"allow":["GET"]}}],"collection":[{"href":"https:\/\/nordesteimprensa.com.br\/index.php\/wp-json\/wp\/v2\/posts"}],"about":[{"href":"https:\/\/nordesteimprensa.com.br\/index.php\/wp-json\/wp\/v2\/types\/post"}],"author":[{"embeddable":true,"href":"https:\/\/nordesteimprensa.com.br\/index.php\/wp-json\/wp\/v2\/users\/1"}],"replies":[{"embeddable":true,"href":"https:\/\/nordesteimprensa.com.br\/index.php\/wp-json\/wp\/v2\/comments?post=4091"}],"version-history":[{"count":1,"href":"https:\/\/nordesteimprensa.com.br\/index.php\/wp-json\/wp\/v2\/posts\/4091\/revisions"}],"predecessor-version":[{"id":4093,"href":"https:\/\/nordesteimprensa.com.br\/index.php\/wp-json\/wp\/v2\/posts\/4091\/revisions\/4093"}],"wp:featuredmedia":[{"embeddable":true,"href":"https:\/\/nordesteimprensa.com.br\/index.php\/wp-json\/wp\/v2\/media\/4092"}],"wp:attachment":[{"href":"https:\/\/nordesteimprensa.com.br\/index.php\/wp-json\/wp\/v2\/media?parent=4091"}],"wp:term":[{"taxonomy":"category","embeddable":true,"href":"https:\/\/nordesteimprensa.com.br\/index.php\/wp-json\/wp\/v2\/categories?post=4091"},{"taxonomy":"post_tag","embeddable":true,"href":"https:\/\/nordesteimprensa.com.br\/index.php\/wp-json\/wp\/v2\/tags?post=4091"}],"curies":[{"name":"wp","href":"https:\/\/api.w.org\/{rel}","templated":true}]}}