{"id":4099,"date":"2023-12-27T15:04:47","date_gmt":"2023-12-27T18:04:47","guid":{"rendered":"https:\/\/nordesteimprensa.com.br\/?p=4099"},"modified":"2023-12-27T15:04:47","modified_gmt":"2023-12-27T18:04:47","slug":"motociclista-morre-apos-colidir-com-placa-de-sinalizacao-de-transito","status":"publish","type":"post","link":"https:\/\/nordesteimprensa.com.br\/index.php\/2023\/12\/27\/motociclista-morre-apos-colidir-com-placa-de-sinalizacao-de-transito\/","title":{"rendered":"Motociclista morre ap\u00f3s colidir com placa de sinaliza\u00e7\u00e3o de tr\u00e2nsito"},"content":{"rendered":"\n<p>Um motociclista morreu ap\u00f3s colidir com uma placa de sinaliza\u00e7\u00e3o de tr\u00e2nsito na Rodovia SE-220, em Aquidab\u00e3, na noite de ter\u00e7a-feira, 26.<\/p>\n\n\n\n<p>Segundo informa\u00e7\u00f5es do Batalh\u00e3o de Policiamento de Tr\u00e2nsito (BPRv), populares informaram que o motociclista seguia na rodovia sentido Aquidab\u00e3 \/Graccho Cardoso quando se chocou com uma placa de sinaliza\u00e7\u00e3o de tr\u00e2nsito.<\/p>\n\n\n\n<p>O Servi\u00e7o de Atendimento M\u00f3vel de Urg\u00eancia (SAMU) esteve no local e constatou o \u00f3bito. Ainda de acordo com o BPRv, havia um passageiro na motocicleta, que foi socorrido e encaminhado ao hospital de Aquidab\u00e3.<\/p>\n\n\n\n<p>O BPRv disse ainda que o condutor da motocicleta n\u00e3o era habilitado. Al\u00e9m disso, o ve\u00edculo estava com licenciamento atrasado e, por isso, foi levada para delegacia da regi\u00e3o.<\/p>\n\n\n\n<p>Fonte: Infonet<\/p>\n\n\n\n<p><\/p>\n\n\n\n<p><\/p>\n\n\n\n<p><\/p>\n","protected":false},"excerpt":{"rendered":"<p>Um motociclista morreu ap\u00f3s colidir com uma placa de sinaliza\u00e7\u00e3o de tr\u00e2nsito na Rodovia SE-220, em Aquidab\u00e3, na noite de ter\u00e7a-feira, 26. Segundo informa\u00e7\u00f5es do Batalh\u00e3o de Policiamento de Tr\u00e2nsito (BPRv), populares informaram que o motociclista seguia na rodovia sentido Aquidab\u00e3 \/Graccho Cardoso quando se chocou com uma placa de sinaliza\u00e7\u00e3o de tr\u00e2nsito. O Servi\u00e7o [&hellip;]<\/p>\n","protected":false},"author":1,"featured_media":4100,"comment_status":"open","ping_status":"open","sticky":false,"template":"","format":"standard","meta":{"footnotes":""},"categories":[10],"tags":[],"class_list":{"0":"post-4099","1":"post","2":"type-post","3":"status-publish","4":"format-standard","5":"has-post-thumbnail","7":"category-theme-features"},"_links":{"self":[{"href":"https:\/\/nordesteimprensa.com.br\/index.php\/wp-json\/wp\/v2\/posts\/4099","targetHints":{"allow":["GET"]}}],"collection":[{"href":"https:\/\/nordesteimprensa.com.br\/index.php\/wp-json\/wp\/v2\/posts"}],"about":[{"href":"https:\/\/nordesteimprensa.com.br\/index.php\/wp-json\/wp\/v2\/types\/post"}],"author":[{"embeddable":true,"href":"https:\/\/nordesteimprensa.com.br\/index.php\/wp-json\/wp\/v2\/users\/1"}],"replies":[{"embeddable":true,"href":"https:\/\/nordesteimprensa.com.br\/index.php\/wp-json\/wp\/v2\/comments?post=4099"}],"version-history":[{"count":1,"href":"https:\/\/nordesteimprensa.com.br\/index.php\/wp-json\/wp\/v2\/posts\/4099\/revisions"}],"predecessor-version":[{"id":4101,"href":"https:\/\/nordesteimprensa.com.br\/index.php\/wp-json\/wp\/v2\/posts\/4099\/revisions\/4101"}],"wp:featuredmedia":[{"embeddable":true,"href":"https:\/\/nordesteimprensa.com.br\/index.php\/wp-json\/wp\/v2\/media\/4100"}],"wp:attachment":[{"href":"https:\/\/nordesteimprensa.com.br\/index.php\/wp-json\/wp\/v2\/media?parent=4099"}],"wp:term":[{"taxonomy":"category","embeddable":true,"href":"https:\/\/nordesteimprensa.com.br\/index.php\/wp-json\/wp\/v2\/categories?post=4099"},{"taxonomy":"post_tag","embeddable":true,"href":"https:\/\/nordesteimprensa.com.br\/index.php\/wp-json\/wp\/v2\/tags?post=4099"}],"curies":[{"name":"wp","href":"https:\/\/api.w.org\/{rel}","templated":true}]}}