{"id":4102,"date":"2023-12-27T15:08:57","date_gmt":"2023-12-27T18:08:57","guid":{"rendered":"https:\/\/nordesteimprensa.com.br\/?p=4102"},"modified":"2023-12-27T15:08:57","modified_gmt":"2023-12-27T18:08:57","slug":"capes-antecipa-pagamento-das-bolsas-de-pos-graduacao","status":"publish","type":"post","link":"https:\/\/nordesteimprensa.com.br\/index.php\/2023\/12\/27\/capes-antecipa-pagamento-das-bolsas-de-pos-graduacao\/","title":{"rendered":"Capes antecipa pagamento das bolsas de p\u00f3s-gradua\u00e7\u00e3o"},"content":{"rendered":"\n<p>A Coordena\u00e7\u00e3o de Aperfei\u00e7oamento de Pessoal de N\u00edvel Superior (Capes) informou que&nbsp; iniciou na ter\u00e7a-feira, 26, a antecipa\u00e7\u00e3o do pagamento das bolsas de p\u00f3s-gradua\u00e7\u00e3o no pa\u00eds e dos programas de forma\u00e7\u00e3o de professores da educa\u00e7\u00e3o b\u00e1sica.<\/p>\n\n\n\n<p>Todos os dep\u00f3sitos ser\u00e3o feitos at\u00e9 a pr\u00f3xima sexta-feira, 29,. O prazo normal \u00e9 o quinto dia \u00fatil de cada m\u00eas, que neste caso seria em 8 de janeiro.<img decoding=\"async\" src=\"https:\/\/agenciabrasil.ebc.com.br\/ebc.png?id=1574505&amp;o=node\"><img decoding=\"async\" src=\"https:\/\/agenciabrasil.ebc.com.br\/ebc.gif?id=1574505&amp;o=node\"><\/p>\n\n\n\n<p>Est\u00e3o sendo atendidos com a antecipa\u00e7\u00e3o todos os bolsistas no Brasil, que somam cerca de 180 mil estudantes de mestrado, doutorado e p\u00f3s-doutorado, e de programas como o Programa Institucional de Bolsa de Inicia\u00e7\u00e3o \u00e0 Doc\u00eancia (Pibid), Resid\u00eancia Pedag\u00f3gica e Universidade Aberta do Brasil.<\/p>\n\n\n\n<p>A Capes informou que, desde o in\u00edcio do ano, tem adotado v\u00e1rias medidas para melhorar as condi\u00e7\u00f5es dos bolsistas ao reajustar os valores das bolsas, o que n\u00e3o ocorria h\u00e1 10 anos, e ampliar o n\u00famero de benef\u00edcios.<\/p>\n\n\n\n<p>Fonte: Ag\u00eancia Brasil <\/p>\n\n\n\n<p><\/p>\n\n\n\n<p><\/p>\n","protected":false},"excerpt":{"rendered":"<p>A Coordena\u00e7\u00e3o de Aperfei\u00e7oamento de Pessoal de N\u00edvel Superior (Capes) informou que&nbsp; iniciou na ter\u00e7a-feira, 26, a antecipa\u00e7\u00e3o do pagamento das bolsas de p\u00f3s-gradua\u00e7\u00e3o no pa\u00eds e dos programas de forma\u00e7\u00e3o de professores da educa\u00e7\u00e3o b\u00e1sica. Todos os dep\u00f3sitos ser\u00e3o feitos at\u00e9 a pr\u00f3xima sexta-feira, 29,. O prazo normal \u00e9 o quinto dia \u00fatil de [&hellip;]<\/p>\n","protected":false},"author":1,"featured_media":4103,"comment_status":"open","ping_status":"open","sticky":false,"template":"","format":"standard","meta":{"footnotes":""},"categories":[10],"tags":[],"class_list":{"0":"post-4102","1":"post","2":"type-post","3":"status-publish","4":"format-standard","5":"has-post-thumbnail","7":"category-theme-features"},"_links":{"self":[{"href":"https:\/\/nordesteimprensa.com.br\/index.php\/wp-json\/wp\/v2\/posts\/4102","targetHints":{"allow":["GET"]}}],"collection":[{"href":"https:\/\/nordesteimprensa.com.br\/index.php\/wp-json\/wp\/v2\/posts"}],"about":[{"href":"https:\/\/nordesteimprensa.com.br\/index.php\/wp-json\/wp\/v2\/types\/post"}],"author":[{"embeddable":true,"href":"https:\/\/nordesteimprensa.com.br\/index.php\/wp-json\/wp\/v2\/users\/1"}],"replies":[{"embeddable":true,"href":"https:\/\/nordesteimprensa.com.br\/index.php\/wp-json\/wp\/v2\/comments?post=4102"}],"version-history":[{"count":1,"href":"https:\/\/nordesteimprensa.com.br\/index.php\/wp-json\/wp\/v2\/posts\/4102\/revisions"}],"predecessor-version":[{"id":4104,"href":"https:\/\/nordesteimprensa.com.br\/index.php\/wp-json\/wp\/v2\/posts\/4102\/revisions\/4104"}],"wp:featuredmedia":[{"embeddable":true,"href":"https:\/\/nordesteimprensa.com.br\/index.php\/wp-json\/wp\/v2\/media\/4103"}],"wp:attachment":[{"href":"https:\/\/nordesteimprensa.com.br\/index.php\/wp-json\/wp\/v2\/media?parent=4102"}],"wp:term":[{"taxonomy":"category","embeddable":true,"href":"https:\/\/nordesteimprensa.com.br\/index.php\/wp-json\/wp\/v2\/categories?post=4102"},{"taxonomy":"post_tag","embeddable":true,"href":"https:\/\/nordesteimprensa.com.br\/index.php\/wp-json\/wp\/v2\/tags?post=4102"}],"curies":[{"name":"wp","href":"https:\/\/api.w.org\/{rel}","templated":true}]}}