{"id":4105,"date":"2023-12-27T15:11:59","date_gmt":"2023-12-27T18:11:59","guid":{"rendered":"https:\/\/nordesteimprensa.com.br\/?p=4105"},"modified":"2023-12-27T15:12:00","modified_gmt":"2023-12-27T18:12:00","slug":"programa-habitacional-minha-casa-lagarto-sera-lancado-amanha-com-apoio-do-mcmv-cidades-emendas","status":"publish","type":"post","link":"https:\/\/nordesteimprensa.com.br\/index.php\/2023\/12\/27\/programa-habitacional-minha-casa-lagarto-sera-lancado-amanha-com-apoio-do-mcmv-cidades-emendas\/","title":{"rendered":"Programa habitacional &#8220;Minha Casa Lagarto\u201d ser\u00e1 lan\u00e7ado amanh\u00e3 com apoio do MCMV Cidades-Emendas"},"content":{"rendered":"\n<p>O munic\u00edpio de Lagarto se prepara para o lan\u00e7amento oficial do programa &#8220;Minha Casa Lagarto&#8221; amanh\u00e3, 28, prometendo oferecer moradias acess\u00edveis e de qualidade como resposta ao d\u00e9ficit habitacional na regi\u00e3o. O evento est\u00e1 marcado para as 09h, nas instala\u00e7\u00f5es do CREAS Jos\u00e9 Abel dos Santos, localizado na Av. Francisco Figueiredo, S\/N, bairro S\u00e3o Jos\u00e9.<\/p>\n\n\n\n<p>Inspirado em modelos de sucesso de programas habitacionais em todo o Brasil, como Casa Paulista, Casa da Gente e Morar Bem Pernambuco, o &#8220;Minha Casa Lagarto&#8221; busca criar uma comunidade integrada.<\/p>\n\n\n\n<p>Essa comunidade ser\u00e1 equipada com infraestruturas completas de lazer, sa\u00fade e educa\u00e7\u00e3o, proporcionando um ambiente prop\u00edcio ao desenvolvimento e bem-estar.<\/p>\n\n\n\n<p>Um elemento fundamental para a realiza\u00e7\u00e3o bem-sucedida do &#8220;Minha Casa Lagarto&#8221; \u00e9 o apoio essencial da iniciativa MCMV Cidades-Emendas do Minist\u00e9rio das Cidades. Essa colabora\u00e7\u00e3o n\u00e3o apenas disponibiliza recursos financeiros cruciais, mas tamb\u00e9m assegura a coordena\u00e7\u00e3o e o suporte t\u00e9cnico necess\u00e1rios para a implementa\u00e7\u00e3o efetiva do projeto.<\/p>\n\n\n\n<p>Imagem ilustrativa<\/p>\n","protected":false},"excerpt":{"rendered":"<p>O munic\u00edpio de Lagarto se prepara para o lan\u00e7amento oficial do programa &#8220;Minha Casa Lagarto&#8221; amanh\u00e3, 28, prometendo oferecer moradias acess\u00edveis e de qualidade como resposta ao d\u00e9ficit habitacional na regi\u00e3o. O evento est\u00e1 marcado para as 09h, nas instala\u00e7\u00f5es do CREAS Jos\u00e9 Abel dos Santos, localizado na Av. Francisco Figueiredo, S\/N, bairro S\u00e3o Jos\u00e9. [&hellip;]<\/p>\n","protected":false},"author":1,"featured_media":4106,"comment_status":"open","ping_status":"open","sticky":false,"template":"","format":"standard","meta":{"footnotes":""},"categories":[10],"tags":[],"class_list":{"0":"post-4105","1":"post","2":"type-post","3":"status-publish","4":"format-standard","5":"has-post-thumbnail","7":"category-theme-features"},"_links":{"self":[{"href":"https:\/\/nordesteimprensa.com.br\/index.php\/wp-json\/wp\/v2\/posts\/4105","targetHints":{"allow":["GET"]}}],"collection":[{"href":"https:\/\/nordesteimprensa.com.br\/index.php\/wp-json\/wp\/v2\/posts"}],"about":[{"href":"https:\/\/nordesteimprensa.com.br\/index.php\/wp-json\/wp\/v2\/types\/post"}],"author":[{"embeddable":true,"href":"https:\/\/nordesteimprensa.com.br\/index.php\/wp-json\/wp\/v2\/users\/1"}],"replies":[{"embeddable":true,"href":"https:\/\/nordesteimprensa.com.br\/index.php\/wp-json\/wp\/v2\/comments?post=4105"}],"version-history":[{"count":1,"href":"https:\/\/nordesteimprensa.com.br\/index.php\/wp-json\/wp\/v2\/posts\/4105\/revisions"}],"predecessor-version":[{"id":4107,"href":"https:\/\/nordesteimprensa.com.br\/index.php\/wp-json\/wp\/v2\/posts\/4105\/revisions\/4107"}],"wp:featuredmedia":[{"embeddable":true,"href":"https:\/\/nordesteimprensa.com.br\/index.php\/wp-json\/wp\/v2\/media\/4106"}],"wp:attachment":[{"href":"https:\/\/nordesteimprensa.com.br\/index.php\/wp-json\/wp\/v2\/media?parent=4105"}],"wp:term":[{"taxonomy":"category","embeddable":true,"href":"https:\/\/nordesteimprensa.com.br\/index.php\/wp-json\/wp\/v2\/categories?post=4105"},{"taxonomy":"post_tag","embeddable":true,"href":"https:\/\/nordesteimprensa.com.br\/index.php\/wp-json\/wp\/v2\/tags?post=4105"}],"curies":[{"name":"wp","href":"https:\/\/api.w.org\/{rel}","templated":true}]}}