{"id":4108,"date":"2023-12-28T11:23:39","date_gmt":"2023-12-28T14:23:39","guid":{"rendered":"https:\/\/nordesteimprensa.com.br\/?p=4108"},"modified":"2023-12-28T11:23:40","modified_gmt":"2023-12-28T14:23:40","slug":"carretas-batem-e-passageira-fica-gravemente-ferida-na-br-235-em-itabaiana","status":"publish","type":"post","link":"https:\/\/nordesteimprensa.com.br\/index.php\/2023\/12\/28\/carretas-batem-e-passageira-fica-gravemente-ferida-na-br-235-em-itabaiana\/","title":{"rendered":"Carretas batem e passageira fica gravemente ferida na BR-235, em Itabaiana"},"content":{"rendered":"\n<p>Duas carretas bateram transversalmente na BR-235, em\u00a0Itabaiana, no trevo de acesso ao munic\u00edpio de Campo do Brito, na manh\u00e3 desta quinta-feira (28). De acordo com a Pol\u00edcia Rodovi\u00e1ria Federal, a passageira de um dos ve\u00edculos ficou gravemente ferida e os dois motoristas sofrerem ferimentos leves.\u00a0<\/p>\n\n\n\n<p>A pista est\u00e1 parcialmente interditada, com tr\u00e2nsito fluindo pelas vias marginais da rodovia. Agentes da PRF est\u00e3o no local.\u00a0<\/p>\n\n\n\n<p>Ainda segundo a pol\u00edcia, a mulher ferida foi socorrida por populares e levada a um hospital.<\/p>\n\n\n\n<p>Fonte: G1<\/p>\n","protected":false},"excerpt":{"rendered":"<p>Duas carretas bateram transversalmente na BR-235, em\u00a0Itabaiana, no trevo de acesso ao munic\u00edpio de Campo do Brito, na manh\u00e3 desta quinta-feira (28). De acordo com a Pol\u00edcia Rodovi\u00e1ria Federal, a passageira de um dos ve\u00edculos ficou gravemente ferida e os dois motoristas sofrerem ferimentos leves.\u00a0 A pista est\u00e1 parcialmente interditada, com tr\u00e2nsito fluindo pelas vias [&hellip;]<\/p>\n","protected":false},"author":1,"featured_media":4109,"comment_status":"open","ping_status":"open","sticky":false,"template":"","format":"standard","meta":{"footnotes":""},"categories":[10],"tags":[],"class_list":{"0":"post-4108","1":"post","2":"type-post","3":"status-publish","4":"format-standard","5":"has-post-thumbnail","7":"category-theme-features"},"_links":{"self":[{"href":"https:\/\/nordesteimprensa.com.br\/index.php\/wp-json\/wp\/v2\/posts\/4108","targetHints":{"allow":["GET"]}}],"collection":[{"href":"https:\/\/nordesteimprensa.com.br\/index.php\/wp-json\/wp\/v2\/posts"}],"about":[{"href":"https:\/\/nordesteimprensa.com.br\/index.php\/wp-json\/wp\/v2\/types\/post"}],"author":[{"embeddable":true,"href":"https:\/\/nordesteimprensa.com.br\/index.php\/wp-json\/wp\/v2\/users\/1"}],"replies":[{"embeddable":true,"href":"https:\/\/nordesteimprensa.com.br\/index.php\/wp-json\/wp\/v2\/comments?post=4108"}],"version-history":[{"count":1,"href":"https:\/\/nordesteimprensa.com.br\/index.php\/wp-json\/wp\/v2\/posts\/4108\/revisions"}],"predecessor-version":[{"id":4110,"href":"https:\/\/nordesteimprensa.com.br\/index.php\/wp-json\/wp\/v2\/posts\/4108\/revisions\/4110"}],"wp:featuredmedia":[{"embeddable":true,"href":"https:\/\/nordesteimprensa.com.br\/index.php\/wp-json\/wp\/v2\/media\/4109"}],"wp:attachment":[{"href":"https:\/\/nordesteimprensa.com.br\/index.php\/wp-json\/wp\/v2\/media?parent=4108"}],"wp:term":[{"taxonomy":"category","embeddable":true,"href":"https:\/\/nordesteimprensa.com.br\/index.php\/wp-json\/wp\/v2\/categories?post=4108"},{"taxonomy":"post_tag","embeddable":true,"href":"https:\/\/nordesteimprensa.com.br\/index.php\/wp-json\/wp\/v2\/tags?post=4108"}],"curies":[{"name":"wp","href":"https:\/\/api.w.org\/{rel}","templated":true}]}}