{"id":4111,"date":"2023-12-28T11:26:23","date_gmt":"2023-12-28T14:26:23","guid":{"rendered":"https:\/\/nordesteimprensa.com.br\/?p=4111"},"modified":"2023-12-28T11:26:23","modified_gmt":"2023-12-28T14:26:23","slug":"em-se-policia-vai-reforcar-estrategias-para-coibir-rolezinhos-de-moto-no-reveillon","status":"publish","type":"post","link":"https:\/\/nordesteimprensa.com.br\/index.php\/2023\/12\/28\/em-se-policia-vai-reforcar-estrategias-para-coibir-rolezinhos-de-moto-no-reveillon\/","title":{"rendered":"Em SE, pol\u00edcia vai refor\u00e7ar estrat\u00e9gias para coibir &#8216;rolezinhos&#8217; de moto no R\u00e9veillon"},"content":{"rendered":"\n<p>A Pol\u00edcia Militar de Sergipe vai refor\u00e7ar as opera\u00e7\u00f5es no fim de semana do R\u00e9veillon na Grande\u00a0Aracaju\u00a0para coibir os &#8216;rolezinhos&#8217; de motocicletas. A informa\u00e7\u00e3o foi confirmada pela corpora\u00e7\u00e3o nesta quarta-feira (27).\u00a0<\/p>\n\n\n\n<p>&#8220;A gente vai estar colocando um efetivo extra, um efetivo consider\u00e1vel para coibir esta pr\u00e1tica. Em algum momento, como \u00e9 muito disperso, e acontece em v\u00e1rios locais, pode ser que ocorra, mas nossas equipes podem ser acionadas pelo 190. Desta vez estaremos preparados com motos, o que vai facilitar o alcance desses infratores&#8221;, disse o comandante do Grupamento T\u00e1tico de Motos da PM, Claudionor dos Santos J\u00fanior.&nbsp;<\/p>\n\n\n\n<p>No fim de semana do Natal, motociclistas em v\u00e1rios estados do pa\u00eds, desafiaram a ordem e tiraram o sossego de moradores, de muitas localidades. Em Sergipe, houve registro no Conjunto Eduardo Gomes, em S\u00e3o Crist\u00f3v\u00e3o, e nos bairros Siqueira Campos e Am\u00e9rica, em Aracaju.&nbsp;<\/p>\n\n\n\n<p>De acordo com a PM, somente no \u00faltimo domingo, 12 motos foram recolhidas e foram aplicadas 118 notifica\u00e7\u00f5es. Os registros de perturba\u00e7\u00e3o de sossego, no fim de semana, passaram de 1.500.<\/p>\n\n\n\n<p>Fonte:G1<\/p>\n","protected":false},"excerpt":{"rendered":"<p>A Pol\u00edcia Militar de Sergipe vai refor\u00e7ar as opera\u00e7\u00f5es no fim de semana do R\u00e9veillon na Grande\u00a0Aracaju\u00a0para coibir os &#8216;rolezinhos&#8217; de motocicletas. A informa\u00e7\u00e3o foi confirmada pela corpora\u00e7\u00e3o nesta quarta-feira (27).\u00a0 &#8220;A gente vai estar colocando um efetivo extra, um efetivo consider\u00e1vel para coibir esta pr\u00e1tica. Em algum momento, como \u00e9 muito disperso, e acontece [&hellip;]<\/p>\n","protected":false},"author":1,"featured_media":4112,"comment_status":"open","ping_status":"open","sticky":false,"template":"","format":"standard","meta":{"footnotes":""},"categories":[10],"tags":[],"class_list":{"0":"post-4111","1":"post","2":"type-post","3":"status-publish","4":"format-standard","5":"has-post-thumbnail","7":"category-theme-features"},"_links":{"self":[{"href":"https:\/\/nordesteimprensa.com.br\/index.php\/wp-json\/wp\/v2\/posts\/4111","targetHints":{"allow":["GET"]}}],"collection":[{"href":"https:\/\/nordesteimprensa.com.br\/index.php\/wp-json\/wp\/v2\/posts"}],"about":[{"href":"https:\/\/nordesteimprensa.com.br\/index.php\/wp-json\/wp\/v2\/types\/post"}],"author":[{"embeddable":true,"href":"https:\/\/nordesteimprensa.com.br\/index.php\/wp-json\/wp\/v2\/users\/1"}],"replies":[{"embeddable":true,"href":"https:\/\/nordesteimprensa.com.br\/index.php\/wp-json\/wp\/v2\/comments?post=4111"}],"version-history":[{"count":1,"href":"https:\/\/nordesteimprensa.com.br\/index.php\/wp-json\/wp\/v2\/posts\/4111\/revisions"}],"predecessor-version":[{"id":4113,"href":"https:\/\/nordesteimprensa.com.br\/index.php\/wp-json\/wp\/v2\/posts\/4111\/revisions\/4113"}],"wp:featuredmedia":[{"embeddable":true,"href":"https:\/\/nordesteimprensa.com.br\/index.php\/wp-json\/wp\/v2\/media\/4112"}],"wp:attachment":[{"href":"https:\/\/nordesteimprensa.com.br\/index.php\/wp-json\/wp\/v2\/media?parent=4111"}],"wp:term":[{"taxonomy":"category","embeddable":true,"href":"https:\/\/nordesteimprensa.com.br\/index.php\/wp-json\/wp\/v2\/categories?post=4111"},{"taxonomy":"post_tag","embeddable":true,"href":"https:\/\/nordesteimprensa.com.br\/index.php\/wp-json\/wp\/v2\/tags?post=4111"}],"curies":[{"name":"wp","href":"https:\/\/api.w.org\/{rel}","templated":true}]}}