{"id":4114,"date":"2023-12-29T17:31:12","date_gmt":"2023-12-29T20:31:12","guid":{"rendered":"https:\/\/nordesteimprensa.com.br\/?p=4114"},"modified":"2023-12-29T17:31:12","modified_gmt":"2023-12-29T20:31:12","slug":"caminhao-sai-da-pista-e-tomba-em-vala-de-20-metros-na-br-251-e-motorista-morre","status":"publish","type":"post","link":"https:\/\/nordesteimprensa.com.br\/index.php\/2023\/12\/29\/caminhao-sai-da-pista-e-tomba-em-vala-de-20-metros-na-br-251-e-motorista-morre\/","title":{"rendered":"Caminh\u00e3o sai da pista e tomba em vala de 20 metros na BR-251 e motorista morre"},"content":{"rendered":"\n<p>Um caminhoneiro, de 40 anos, morreu em um grave acidente na BR-251, em&nbsp;<a class=\"\" href=\"https:\/\/g1.globo.com\/mg\/grande-minas\/cidade\/curral-de-dentro\/\">Curral de Dentro<\/a>, na noite dessa quinta-feira (28).&nbsp;<\/p>\n\n\n\n<p>Segundo informa\u00e7\u00f5es do Corpo de Bombeiros, o ve\u00edculo saiu da pista por motivos desconhecidos e tombou em uma vala com cerca de 20 metros de profundidade. O caminh\u00e3o estava carregado com bobinas de papel e tinha placas de Campo do Brito (SE).&nbsp;<\/p>\n\n\n\n<p>O sargento Ramom Reis, que atuou na ocorr\u00eancia, explicou ao\u00a0<strong>g1<\/strong>\u00a0que o motorista foi ejetado e soterrado por parte de um barranco que caiu sobre ele. No momento do acidente, a carga de bobinas ficou em cima da cabine e os bombeiros s\u00f3 conseguiram ter acesso a v\u00edtima depois que o material foi retirado com aux\u00edlio de um trator. A a\u00e7\u00e3o demorou cerca de 7h.<\/p>\n\n\n\n<p>fonte: G1 <\/p>\n\n\n\n<p><\/p>\n\n\n\n<p><\/p>\n\n\n\n<p><\/p>\n\n\n\n<p><\/p>\n\n\n\n<p><\/p>\n\n\n\n<p><\/p>\n","protected":false},"excerpt":{"rendered":"<p>Um caminhoneiro, de 40 anos, morreu em um grave acidente na BR-251, em&nbsp;Curral de Dentro, na noite dessa quinta-feira (28).&nbsp; Segundo informa\u00e7\u00f5es do Corpo de Bombeiros, o ve\u00edculo saiu da pista por motivos desconhecidos e tombou em uma vala com cerca de 20 metros de profundidade. O caminh\u00e3o estava carregado com bobinas de papel e [&hellip;]<\/p>\n","protected":false},"author":1,"featured_media":4115,"comment_status":"open","ping_status":"open","sticky":false,"template":"","format":"standard","meta":{"footnotes":""},"categories":[10],"tags":[],"class_list":{"0":"post-4114","1":"post","2":"type-post","3":"status-publish","4":"format-standard","5":"has-post-thumbnail","7":"category-theme-features"},"_links":{"self":[{"href":"https:\/\/nordesteimprensa.com.br\/index.php\/wp-json\/wp\/v2\/posts\/4114","targetHints":{"allow":["GET"]}}],"collection":[{"href":"https:\/\/nordesteimprensa.com.br\/index.php\/wp-json\/wp\/v2\/posts"}],"about":[{"href":"https:\/\/nordesteimprensa.com.br\/index.php\/wp-json\/wp\/v2\/types\/post"}],"author":[{"embeddable":true,"href":"https:\/\/nordesteimprensa.com.br\/index.php\/wp-json\/wp\/v2\/users\/1"}],"replies":[{"embeddable":true,"href":"https:\/\/nordesteimprensa.com.br\/index.php\/wp-json\/wp\/v2\/comments?post=4114"}],"version-history":[{"count":1,"href":"https:\/\/nordesteimprensa.com.br\/index.php\/wp-json\/wp\/v2\/posts\/4114\/revisions"}],"predecessor-version":[{"id":4116,"href":"https:\/\/nordesteimprensa.com.br\/index.php\/wp-json\/wp\/v2\/posts\/4114\/revisions\/4116"}],"wp:featuredmedia":[{"embeddable":true,"href":"https:\/\/nordesteimprensa.com.br\/index.php\/wp-json\/wp\/v2\/media\/4115"}],"wp:attachment":[{"href":"https:\/\/nordesteimprensa.com.br\/index.php\/wp-json\/wp\/v2\/media?parent=4114"}],"wp:term":[{"taxonomy":"category","embeddable":true,"href":"https:\/\/nordesteimprensa.com.br\/index.php\/wp-json\/wp\/v2\/categories?post=4114"},{"taxonomy":"post_tag","embeddable":true,"href":"https:\/\/nordesteimprensa.com.br\/index.php\/wp-json\/wp\/v2\/tags?post=4114"}],"curies":[{"name":"wp","href":"https:\/\/api.w.org\/{rel}","templated":true}]}}