{"id":4123,"date":"2024-01-07T20:42:11","date_gmt":"2024-01-07T23:42:11","guid":{"rendered":"https:\/\/nordesteimprensa.com.br\/?p=4123"},"modified":"2024-01-07T20:42:11","modified_gmt":"2024-01-07T23:42:11","slug":"ciclista-morre-apos-colisao-com-veiculo-em-rodovia-de-ribeiropolis","status":"publish","type":"post","link":"https:\/\/nordesteimprensa.com.br\/index.php\/2024\/01\/07\/ciclista-morre-apos-colisao-com-veiculo-em-rodovia-de-ribeiropolis\/","title":{"rendered":"Ciclista morre ap\u00f3s colis\u00e3o com ve\u00edculo em rodovia de Ribeir\u00f3polis"},"content":{"rendered":"\n<p>Um ciclista identificado como Gabriel Menezes, de 26 anos, morreu ap\u00f3s se envolver em um acidente com um ve\u00edculo na manh\u00e3 deste domingo (7), na rodovia SE-240 entre os munic\u00edpios de Moita Bonita e o Povoado Serra do Machado em&nbsp;<a class=\"\" href=\"https:\/\/g1.globo.com\/se\/sergipe\/cidade\/ribeiropolis\/\">Ribeir\u00f3polis<\/a>. A informa\u00e7\u00e3o foi confirmada por familiares da v\u00edtima.&nbsp;<\/p>\n\n\n\n<p>\u2705<a class=\"\" href=\"https:\/\/www.whatsapp.com\/channel\/0029VaAG024I1rcg2PPxlf2e\" target=\"_blank\" rel=\"noreferrer noopener\">&nbsp;Clique aqui para seguir o novo canal do g1 SE no WhatsApp<\/a><\/p>\n\n\n\n<p>De acordo com um levantamento preliminar do Batalh\u00e3o de Pol\u00edcia Rodovi\u00e1ria Estadual (BPRv), declara\u00e7\u00f5es obtidas por populares d\u00e3o conta de que o ciclista estava na via, quando a bicicleta dele foi atingida lateralmente por um carro.&nbsp;<\/p>\n\n\n\n<p>Segundo a BPRV, ap\u00f3s o motorista n\u00e3o ser encontrado no local do acidente, o delegado respons\u00e1vel pelo caso solicitou que uma guarni\u00e7\u00e3o fosse \u00e0 casa do condutor e no local foi realizado o teste de baf\u00f4metro, que deu negativo.&nbsp;<\/p>\n\n\n\n<p>O sepultamento do corpo de Gabriel ser\u00e1 realizado nesta segunda-feira (8), partir das 10 horas no Cemit\u00e9rio Santo Ant\u00f4nio e Almas em Itabaiana.&nbsp;<\/p>\n","protected":false},"excerpt":{"rendered":"<p>Um ciclista identificado como Gabriel Menezes, de 26 anos, morreu ap\u00f3s se envolver em um acidente com um ve\u00edculo na manh\u00e3 deste domingo (7), na rodovia SE-240 entre os munic\u00edpios de Moita Bonita e o Povoado Serra do Machado em&nbsp;Ribeir\u00f3polis. A informa\u00e7\u00e3o foi confirmada por familiares da v\u00edtima.&nbsp; \u2705&nbsp;Clique aqui para seguir o novo canal [&hellip;]<\/p>\n","protected":false},"author":1,"featured_media":4124,"comment_status":"open","ping_status":"open","sticky":false,"template":"","format":"standard","meta":{"footnotes":""},"categories":[10],"tags":[],"class_list":{"0":"post-4123","1":"post","2":"type-post","3":"status-publish","4":"format-standard","5":"has-post-thumbnail","7":"category-theme-features"},"_links":{"self":[{"href":"https:\/\/nordesteimprensa.com.br\/index.php\/wp-json\/wp\/v2\/posts\/4123","targetHints":{"allow":["GET"]}}],"collection":[{"href":"https:\/\/nordesteimprensa.com.br\/index.php\/wp-json\/wp\/v2\/posts"}],"about":[{"href":"https:\/\/nordesteimprensa.com.br\/index.php\/wp-json\/wp\/v2\/types\/post"}],"author":[{"embeddable":true,"href":"https:\/\/nordesteimprensa.com.br\/index.php\/wp-json\/wp\/v2\/users\/1"}],"replies":[{"embeddable":true,"href":"https:\/\/nordesteimprensa.com.br\/index.php\/wp-json\/wp\/v2\/comments?post=4123"}],"version-history":[{"count":1,"href":"https:\/\/nordesteimprensa.com.br\/index.php\/wp-json\/wp\/v2\/posts\/4123\/revisions"}],"predecessor-version":[{"id":4125,"href":"https:\/\/nordesteimprensa.com.br\/index.php\/wp-json\/wp\/v2\/posts\/4123\/revisions\/4125"}],"wp:featuredmedia":[{"embeddable":true,"href":"https:\/\/nordesteimprensa.com.br\/index.php\/wp-json\/wp\/v2\/media\/4124"}],"wp:attachment":[{"href":"https:\/\/nordesteimprensa.com.br\/index.php\/wp-json\/wp\/v2\/media?parent=4123"}],"wp:term":[{"taxonomy":"category","embeddable":true,"href":"https:\/\/nordesteimprensa.com.br\/index.php\/wp-json\/wp\/v2\/categories?post=4123"},{"taxonomy":"post_tag","embeddable":true,"href":"https:\/\/nordesteimprensa.com.br\/index.php\/wp-json\/wp\/v2\/tags?post=4123"}],"curies":[{"name":"wp","href":"https:\/\/api.w.org\/{rel}","templated":true}]}}