{"id":4127,"date":"2024-01-07T20:45:25","date_gmt":"2024-01-07T23:45:25","guid":{"rendered":"https:\/\/nordesteimprensa.com.br\/?p=4127"},"modified":"2024-01-07T20:45:25","modified_gmt":"2024-01-07T23:45:25","slug":"missas-de-7-dia-em-homenagem-as-vitimas-de-desabamento-de-residencial-sao-celebradas-em-aracaju","status":"publish","type":"post","link":"https:\/\/nordesteimprensa.com.br\/index.php\/2024\/01\/07\/missas-de-7-dia-em-homenagem-as-vitimas-de-desabamento-de-residencial-sao-celebradas-em-aracaju\/","title":{"rendered":"Missas de 7 dia em homenagem \u00e0s v\u00edtimas de desabamento de residencial s\u00e3o celebradas em Aracaju"},"content":{"rendered":"\n<p>Foram celebradas na tarde deste s\u00e1bado (6) duas missas de 7\u00ba dia em homenagem \u00e0s v\u00edtimas do desabamento de um residencial, ap\u00f3s uma explos\u00e3o, no \u00faltimo domingo, em Aracaju. O desabamento deixou seis mortos e 13 feridos.<\/p>\n\n\n\n<p>As missas foram celebradas nas par\u00f3quias do Esp\u00edrito Santos e de Santo Ant\u00f4nio, no Bairro Santo Ant\u00f4nio, na Zona Norte de Aracaju, mesmo Bairro onde ficava o residencial.<\/p>\n\n\n\n<p>Amigos, colegas de trabalho e familiares participaram das missas. Alguns vestiam camisas em homenagem \u00e0s v\u00edtimas.<\/p>\n\n\n\n<p>O aposentado Wilton de Oliveira \u00e9 um dos sobreviventes. Ele estava no apartamento onde o cunhado morava e acabou morrendo. Jos\u00e9 dos Santos tinha problemas de sa\u00fade e era cuidado por Wilton e a esposa.<\/p>\n\n\n\n<p>&#8220;Ele foi ao banheiro fazer a barba e n\u00e3o voltou mais. O cora\u00e7\u00e3o est\u00e1 arranhado, eu gostava muito dele&#8221;, disse Wilton.<\/p>\n\n\n\n<p><strong>Desabamento<\/strong><\/p>\n\n\n\n<p>A suspeita inicial \u00e9 de que a explos\u00e3o tenha sido provocada pelo vazamento de g\u00e1s de um botij\u00e3o no 1\u00ba pavimento da edifica\u00e7\u00e3o de dois andares, que abrigava 44 apartamentos e fica no fundo de uma resid\u00eancia.<\/p>\n\n\n\n<p>Ainda de acordo com os bombeiros, a edifica\u00e7\u00e3o n\u00e3o era regularizada pela institui\u00e7\u00e3o. 40 fam\u00edlias ficaram desalojadas e est\u00e3o na casa de parentes. Duas est\u00e3o sendo assistidas pela Secretaria de Assist\u00eancia Social de Aracaju.<\/p>\n\n\n\n<p>Fonte: G1 Sergipe<\/p>\n\n\n\n<p><\/p>\n\n\n\n<p><\/p>\n\n\n\n<p><\/p>\n\n\n\n<p><\/p>\n","protected":false},"excerpt":{"rendered":"<p>Foram celebradas na tarde deste s\u00e1bado (6) duas missas de 7\u00ba dia em homenagem \u00e0s v\u00edtimas do desabamento de um residencial, ap\u00f3s uma explos\u00e3o, no \u00faltimo domingo, em Aracaju. O desabamento deixou seis mortos e 13 feridos. As missas foram celebradas nas par\u00f3quias do Esp\u00edrito Santos e de Santo Ant\u00f4nio, no Bairro Santo Ant\u00f4nio, na [&hellip;]<\/p>\n","protected":false},"author":1,"featured_media":4128,"comment_status":"open","ping_status":"open","sticky":false,"template":"","format":"standard","meta":{"footnotes":""},"categories":[10],"tags":[],"class_list":{"0":"post-4127","1":"post","2":"type-post","3":"status-publish","4":"format-standard","5":"has-post-thumbnail","7":"category-theme-features"},"_links":{"self":[{"href":"https:\/\/nordesteimprensa.com.br\/index.php\/wp-json\/wp\/v2\/posts\/4127","targetHints":{"allow":["GET"]}}],"collection":[{"href":"https:\/\/nordesteimprensa.com.br\/index.php\/wp-json\/wp\/v2\/posts"}],"about":[{"href":"https:\/\/nordesteimprensa.com.br\/index.php\/wp-json\/wp\/v2\/types\/post"}],"author":[{"embeddable":true,"href":"https:\/\/nordesteimprensa.com.br\/index.php\/wp-json\/wp\/v2\/users\/1"}],"replies":[{"embeddable":true,"href":"https:\/\/nordesteimprensa.com.br\/index.php\/wp-json\/wp\/v2\/comments?post=4127"}],"version-history":[{"count":1,"href":"https:\/\/nordesteimprensa.com.br\/index.php\/wp-json\/wp\/v2\/posts\/4127\/revisions"}],"predecessor-version":[{"id":4129,"href":"https:\/\/nordesteimprensa.com.br\/index.php\/wp-json\/wp\/v2\/posts\/4127\/revisions\/4129"}],"wp:featuredmedia":[{"embeddable":true,"href":"https:\/\/nordesteimprensa.com.br\/index.php\/wp-json\/wp\/v2\/media\/4128"}],"wp:attachment":[{"href":"https:\/\/nordesteimprensa.com.br\/index.php\/wp-json\/wp\/v2\/media?parent=4127"}],"wp:term":[{"taxonomy":"category","embeddable":true,"href":"https:\/\/nordesteimprensa.com.br\/index.php\/wp-json\/wp\/v2\/categories?post=4127"},{"taxonomy":"post_tag","embeddable":true,"href":"https:\/\/nordesteimprensa.com.br\/index.php\/wp-json\/wp\/v2\/tags?post=4127"}],"curies":[{"name":"wp","href":"https:\/\/api.w.org\/{rel}","templated":true}]}}