{"id":4130,"date":"2024-01-07T20:47:01","date_gmt":"2024-01-07T23:47:01","guid":{"rendered":"https:\/\/nordesteimprensa.com.br\/?p=4130"},"modified":"2024-01-07T20:47:01","modified_gmt":"2024-01-07T23:47:01","slug":"jovem-morre-afogada-na-praia-da-atalaia-em-aracaju","status":"publish","type":"post","link":"https:\/\/nordesteimprensa.com.br\/index.php\/2024\/01\/07\/jovem-morre-afogada-na-praia-da-atalaia-em-aracaju\/","title":{"rendered":"Jovem morre afogada na Praia da Atalaia em Aracaju"},"content":{"rendered":"\n<p>A jovem, Amanda Sandres de Lima, de 21 anos, morreu afogada no final da tarde dessa sexta-feira (5), na Praia da Atalaia, pr\u00f3ximo aos lagos da orla. Equipes do Servi\u00e7o de Atendimento M\u00f3vel de Urg\u00eancia (Samu) e do Corpo de Bombeiros foram acionadas para prestar socorro.&nbsp;<\/p>\n\n\n\n<p>Segundo a Pol\u00edcia Militar, a jovem estava com um grupo de amigos na praia e um rapaz tamb\u00e9m se afogou, mas foi resgatado. A PM informou que a jovem j\u00e1 foi retirada da \u00e1gua sem vida.<\/p>\n\n\n\n<p>De acordo com o Samu, pr\u00f3ximo \u00e0 jovem estava um m\u00e9dico, que prestou os primeiros socorros no local. Com a chegada do Samu, a equipe retomou as manobras cardiorrespirat\u00f3ria para reanima\u00e7\u00e3o da jovem, mas sem sucesso. A morte foi confirmada e o Instituto M\u00e9dico Legal (IML) acionado para recolher o corpo.<\/p>\n\n\n\n<p>fonte: G1<\/p>\n\n\n\n<p><\/p>\n\n\n\n<p><\/p>\n\n\n\n<p><\/p>\n\n\n\n<p><\/p>\n","protected":false},"excerpt":{"rendered":"<p>A jovem, Amanda Sandres de Lima, de 21 anos, morreu afogada no final da tarde dessa sexta-feira (5), na Praia da Atalaia, pr\u00f3ximo aos lagos da orla. Equipes do Servi\u00e7o de Atendimento M\u00f3vel de Urg\u00eancia (Samu) e do Corpo de Bombeiros foram acionadas para prestar socorro.&nbsp; Segundo a Pol\u00edcia Militar, a jovem estava com um [&hellip;]<\/p>\n","protected":false},"author":1,"featured_media":4131,"comment_status":"open","ping_status":"open","sticky":false,"template":"","format":"standard","meta":{"footnotes":""},"categories":[10],"tags":[],"class_list":{"0":"post-4130","1":"post","2":"type-post","3":"status-publish","4":"format-standard","5":"has-post-thumbnail","7":"category-theme-features"},"_links":{"self":[{"href":"https:\/\/nordesteimprensa.com.br\/index.php\/wp-json\/wp\/v2\/posts\/4130","targetHints":{"allow":["GET"]}}],"collection":[{"href":"https:\/\/nordesteimprensa.com.br\/index.php\/wp-json\/wp\/v2\/posts"}],"about":[{"href":"https:\/\/nordesteimprensa.com.br\/index.php\/wp-json\/wp\/v2\/types\/post"}],"author":[{"embeddable":true,"href":"https:\/\/nordesteimprensa.com.br\/index.php\/wp-json\/wp\/v2\/users\/1"}],"replies":[{"embeddable":true,"href":"https:\/\/nordesteimprensa.com.br\/index.php\/wp-json\/wp\/v2\/comments?post=4130"}],"version-history":[{"count":1,"href":"https:\/\/nordesteimprensa.com.br\/index.php\/wp-json\/wp\/v2\/posts\/4130\/revisions"}],"predecessor-version":[{"id":4132,"href":"https:\/\/nordesteimprensa.com.br\/index.php\/wp-json\/wp\/v2\/posts\/4130\/revisions\/4132"}],"wp:featuredmedia":[{"embeddable":true,"href":"https:\/\/nordesteimprensa.com.br\/index.php\/wp-json\/wp\/v2\/media\/4131"}],"wp:attachment":[{"href":"https:\/\/nordesteimprensa.com.br\/index.php\/wp-json\/wp\/v2\/media?parent=4130"}],"wp:term":[{"taxonomy":"category","embeddable":true,"href":"https:\/\/nordesteimprensa.com.br\/index.php\/wp-json\/wp\/v2\/categories?post=4130"},{"taxonomy":"post_tag","embeddable":true,"href":"https:\/\/nordesteimprensa.com.br\/index.php\/wp-json\/wp\/v2\/tags?post=4130"}],"curies":[{"name":"wp","href":"https:\/\/api.w.org\/{rel}","templated":true}]}}