{"id":4133,"date":"2024-01-07T20:50:09","date_gmt":"2024-01-07T23:50:09","guid":{"rendered":"https:\/\/nordesteimprensa.com.br\/?p=4133"},"modified":"2024-01-07T20:50:09","modified_gmt":"2024-01-07T23:50:09","slug":"demolicao-controlada-e-realizada-no-residencial-atingido-por-explosao-em-aracaju","status":"publish","type":"post","link":"https:\/\/nordesteimprensa.com.br\/index.php\/2024\/01\/07\/demolicao-controlada-e-realizada-no-residencial-atingido-por-explosao-em-aracaju\/","title":{"rendered":"Demoli\u00e7\u00e3o controlada \u00e9 realizada no residencial atingido por explos\u00e3o em Aracaju"},"content":{"rendered":"\n<h5 class=\"wp-block-heading\">udio TV Atalaia&nbsp;<img decoding=\"async\" src=\"https:\/\/a8se.com\/static\/images\/arrow-down-small.svg\" alt=\"\"><\/h5>\n\n\n\n<ul class=\"wp-block-list\">\n<li><a href=\"https:\/\/ice.fabricahost.com.br\/tvatalaia\"><\/a><\/li>\n\n\n\n<li><a href=\"https:\/\/ice.fabricahost.com.br\/transamericaaracaju\"><\/a><\/li>\n\n\n\n<li><a href=\"https:\/\/ice.fabricahost.com.br\/cidadesimaodias\"><\/a><\/li>\n<\/ul>\n\n\n\n<figure class=\"wp-block-image\"><img decoding=\"async\" src=\"https:\/\/a8se.com\/static\/images\/radio-player.svg\" alt=\"Play\"\/><\/figure>\n\n\n\n<figure class=\"wp-block-embed\"><div class=\"wp-block-embed__wrapper\">\nhttps:\/\/38b530f9394103c97f19152c8bb13b79.safeframe.googlesyndication.com\/safeframe\/1-0-40\/html\/container.html\n<\/div><\/figure>\n\n\n\n<p><strong>Precau\u00e7\u00e3o<\/strong><\/p>\n\n\n\n<h1 class=\"wp-block-heading\">Demoli\u00e7\u00e3o controlada \u00e9 realizada no residencial atingido por explos\u00e3o em Aracaju<\/h1>\n\n\n\n<p>O acidente causou desabamento da edifica\u00e7\u00e3o, deixando seis mortos e 13 feridos.<\/p>\n\n\n\n<p><strong>Por Carolina de Morais, Portal A8SE<\/strong>06\/01\/2024 12h50<\/p>\n\n\n\n<ul class=\"wp-block-list\">\n<li><a href=\"https:\/\/api.whatsapp.com\/send\/?text=https:\/\/a8se.com\/noticias\/sergipe\/demolicao-controlada-e-realizada-no-residencial-atingido-por-explosao-em-aracaju\/%20Demoli%C3%A7%C3%A3o%20controlada%20%C3%A9%20realizada%20no%20residencial%20atingido%20por%20explos%C3%A3o%20em%20Aracaju\" target=\"_blank\" rel=\"noreferrer noopener\"><\/a><\/li>\n\n\n\n<li><a href=\"http:\/\/www.facebook.com\/sharer.php?u=https:\/\/a8se.com\/noticias\/sergipe\/demolicao-controlada-e-realizada-no-residencial-atingido-por-explosao-em-aracaju\/\" target=\"_blank\" rel=\"noreferrer noopener\"><\/a><\/li>\n\n\n\n<li><a href=\"https:\/\/twitter.com\/share?url=https:\/\/a8se.com\/noticias\/sergipe\/demolicao-controlada-e-realizada-no-residencial-atingido-por-explosao-em-aracaju\/&amp;text=Demoli%C3%A7%C3%A3o%20controlada%20%C3%A9%20realizada%20no%20residencial%20atingido%20por%20explos%C3%A3o%20em%20Aracaju&amp;hashtags=a8se\" target=\"_blank\" rel=\"noreferrer noopener\"><\/a><\/li>\n<\/ul>\n\n\n\n<p><a href=\"https:\/\/s3.a8se.com\/original_images\/img_9012.jpg\"><\/a><\/p>\n\n\n\n<figure class=\"wp-block-image\"><a href=\"https:\/\/s3.a8se.com\/original_images\/img_9012.jpg\"><img decoding=\"async\" src=\"https:\/\/s3.a8se.com\/images\/img_9012.2e16d0ba.fill-2220x1000.jpg\" alt=\"Demoli\u00e7\u00e3o controlada \u00e9 realizada no residencial atingido por explos\u00e3o em Aracaju\"\/><\/a><\/figure>\n\n\n\n<p>Neste s\u00e1bado (6), equipes da Empresa Municipal de Obras e Urbaniza\u00e7\u00e3o (Emurb) realizam demoli\u00e7\u00e3o controlada no residencial atingido por uma explos\u00e3o no Bairro Santo Ant\u00f4nio, em Aracaju, no in\u00edcio da semana. O acidente causou desabamento da edifica\u00e7\u00e3o, deixando seis mortos e 13 feridos.&nbsp;<\/p>\n\n\n\n<p>Segundo a Emurb, eles est\u00e3o trabalhando na limpeza e retirando a carga acima da laje, que ficou pendurada. O apartamento de cima j\u00e1 foi demolido.<\/p>\n\n\n\n<p>T\u00e9cnicos do Conselho Regional de Engenharia e Agronomia de Sergipe (Crea-SE) estiveram no local e coletaram material para fazer uma per\u00edcia t\u00e9cnica. O relat\u00f3rio ser\u00e1 anexado nas investiga\u00e7\u00f5es da Pol\u00edcia Civil.<\/p>\n\n\n\n<p><strong>Entenda o caso<\/strong><\/p>\n\n\n\n<p>A explos\u00e3o foi causada por um vazamento de g\u00e1s de cozinha na parte t\u00e9rrea da edifica\u00e7\u00e3o irregular, que possui dois andares e abriga 44 apartamentos no fundo de uma casa. Dezesseis im\u00f3veis desabaram e causaram morte de cinco pessoas. Outras 14 foram resgatadas com vida. A opera\u00e7\u00e3o de busca e salvamento durou quase 50 horas.<\/p>\n\n\n\n<p>Das v\u00edtimas fatais, as tr\u00eas primeiras foram identificadas como Isla Solimar Batista Santos (20 anos), Weslly Andr\u00e9 Santos (20 anos) e Guilherme Alves de Souza (21 anos). Eles tinham les\u00f5es principalmente na regi\u00e3o da cabe\u00e7a e algumas escoria\u00e7\u00f5es no corpo. As mortes aconteceram por uma &#8216;a\u00e7\u00e3o contundente&#8217; provocada pelo desmoronamento da unidade residencial.<\/p>\n\n\n\n<p>Os \u00faltimos corpos, sendo um homem e uma mulher, foram encontrados nos escombros do pr\u00e9dio na ter\u00e7a-feira (2). As fam\u00edlias desalojadas ir\u00e3o receber aluguel social da Prefeitura de Aracaju.<\/p>\n\n\n\n<p><strong>Irregularidade<\/strong><\/p>\n\n\n\n<p>Segundo os \u00f3rg\u00e3os que atuaram no resgate das v\u00edtimas, o im\u00f3vel n\u00e3o tinha atestado de regularidade da institui\u00e7\u00e3o, o que impedia emiss\u00e3o de alvar\u00e1 de funcionamento. Al\u00e9m disso, n\u00e3o apresentava caracter\u00edsticas externas que demonstrassem ser uma resid\u00eancia multifamiliar. Portanto, mantinha pessoas morando nas habita\u00e7\u00f5es de forma irregular.<\/p>\n\n\n\n<p>Uma per\u00edcia foi realizada pelo Corpo de Bombeiros, Pol\u00edcia Cient\u00edfica e Defesa Civil de Aracaju, pois ainda h\u00e1 pontos inst\u00e1veis com risco de desabamento.<\/p>\n\n\n\n<p><strong>Investiga\u00e7\u00e3o<\/strong><\/p>\n\n\n\n<p>A Pol\u00edcia Civil instaurou inqu\u00e9rito para apurar circunst\u00e2ncias da explos\u00e3o respons\u00e1vel pelo desabamento da edifica\u00e7\u00e3o.<\/p>\n\n\n\n<p>Segundo o delegado Andr\u00e9 Gouveia, o inqu\u00e9rito tem como objetivo esclarecer os fatos em torno da ocorr\u00eancia. &#8220;Existe possibilidade culposa, mas \u00e9 a investiga\u00e7\u00e3o que ir\u00e1 dizer da exist\u00eancia ou n\u00e3o\u201d, complementou o delegado.<\/p>\n\n\n\n<p>A dona ser\u00e1 ouvida juntamente com outras testemunhas ainda nesta semana. Ap\u00f3s coleta de dados e informa\u00e7\u00f5es, ser\u00e1 feito o trabalho investigativo com previs\u00e3o de 30 dias.<\/p>\n\n\n\n<p>fonte: A8<\/p>\n\n\n\n<p><\/p>\n\n\n\n<p><\/p>\n\n\n\n<p><\/p>\n","protected":false},"excerpt":{"rendered":"<p>udio TV Atalaia&nbsp; Precau\u00e7\u00e3o Demoli\u00e7\u00e3o controlada \u00e9 realizada no residencial atingido por explos\u00e3o em Aracaju O acidente causou desabamento da edifica\u00e7\u00e3o, deixando seis mortos e 13 feridos. Por Carolina de Morais, Portal A8SE06\/01\/2024 12h50 Neste s\u00e1bado (6), equipes da Empresa Municipal de Obras e Urbaniza\u00e7\u00e3o (Emurb) realizam demoli\u00e7\u00e3o controlada no residencial atingido por uma explos\u00e3o [&hellip;]<\/p>\n","protected":false},"author":1,"featured_media":4134,"comment_status":"open","ping_status":"open","sticky":false,"template":"","format":"standard","meta":{"footnotes":""},"categories":[10],"tags":[],"class_list":{"0":"post-4133","1":"post","2":"type-post","3":"status-publish","4":"format-standard","5":"has-post-thumbnail","7":"category-theme-features"},"_links":{"self":[{"href":"https:\/\/nordesteimprensa.com.br\/index.php\/wp-json\/wp\/v2\/posts\/4133","targetHints":{"allow":["GET"]}}],"collection":[{"href":"https:\/\/nordesteimprensa.com.br\/index.php\/wp-json\/wp\/v2\/posts"}],"about":[{"href":"https:\/\/nordesteimprensa.com.br\/index.php\/wp-json\/wp\/v2\/types\/post"}],"author":[{"embeddable":true,"href":"https:\/\/nordesteimprensa.com.br\/index.php\/wp-json\/wp\/v2\/users\/1"}],"replies":[{"embeddable":true,"href":"https:\/\/nordesteimprensa.com.br\/index.php\/wp-json\/wp\/v2\/comments?post=4133"}],"version-history":[{"count":1,"href":"https:\/\/nordesteimprensa.com.br\/index.php\/wp-json\/wp\/v2\/posts\/4133\/revisions"}],"predecessor-version":[{"id":4135,"href":"https:\/\/nordesteimprensa.com.br\/index.php\/wp-json\/wp\/v2\/posts\/4133\/revisions\/4135"}],"wp:featuredmedia":[{"embeddable":true,"href":"https:\/\/nordesteimprensa.com.br\/index.php\/wp-json\/wp\/v2\/media\/4134"}],"wp:attachment":[{"href":"https:\/\/nordesteimprensa.com.br\/index.php\/wp-json\/wp\/v2\/media?parent=4133"}],"wp:term":[{"taxonomy":"category","embeddable":true,"href":"https:\/\/nordesteimprensa.com.br\/index.php\/wp-json\/wp\/v2\/categories?post=4133"},{"taxonomy":"post_tag","embeddable":true,"href":"https:\/\/nordesteimprensa.com.br\/index.php\/wp-json\/wp\/v2\/tags?post=4133"}],"curies":[{"name":"wp","href":"https:\/\/api.w.org\/{rel}","templated":true}]}}