{"id":4138,"date":"2024-01-07T20:55:35","date_gmt":"2024-01-07T23:55:35","guid":{"rendered":"https:\/\/nordesteimprensa.com.br\/?p=4138"},"modified":"2024-01-07T20:55:35","modified_gmt":"2024-01-07T23:55:35","slug":"colegio-de-aplicacao-da-ufs-vai-sortear-vagas-remanescentes","status":"publish","type":"post","link":"https:\/\/nordesteimprensa.com.br\/index.php\/2024\/01\/07\/colegio-de-aplicacao-da-ufs-vai-sortear-vagas-remanescentes\/","title":{"rendered":"Col\u00e9gio de Aplica\u00e7\u00e3o da UFS vai sortear vagas remanescentes"},"content":{"rendered":"\n<p>O Col\u00e9gio de Aplica\u00e7\u00e3o da Universidade Federal de Sergipe (Codap\/<a class=\"\" href=\"https:\/\/g1.globo.com\/educacao\/universidade\/ufs\/\">UFS<\/a>) vai realizar um sorteio p\u00fablico de sete vagas remanescentes para o 9\u00ba ano do Ensino Fundamental com ingresso no ano letivo de 2024, que tem in\u00edcio em 5 de fevereiro.&nbsp;<\/p>\n\n\n\n<p><\/p>\n\n\n\n<p>As inscri\u00e7\u00f5es, que&nbsp;<a class=\"\" href=\"https:\/\/codap.ufs.br\/\" target=\"_blank\" rel=\"noreferrer noopener\">ocorrem de forma online atrav\u00e9s do site do col\u00e9gio<\/a>, ficar\u00e3o abertas das 8h do dia 10 de janeiro \u00e0s 17h do dia 15 de janeiro.&nbsp;<\/p>\n\n\n\n<p>Segundo a UFS, o sorteio, que ocorre no dia 26, \u00e0s 9h, poder\u00e1 ser acompanhado presencialmente no Audit\u00f3rio Lib\u00f3rio Firmo de Castro Silva (Audit\u00f3rio da Reitoria), na Cidade Universit\u00e1ria, ou remotamente pelo canal da universidade na internet.<\/p>\n","protected":false},"excerpt":{"rendered":"<p>O Col\u00e9gio de Aplica\u00e7\u00e3o da Universidade Federal de Sergipe (Codap\/UFS) vai realizar um sorteio p\u00fablico de sete vagas remanescentes para o 9\u00ba ano do Ensino Fundamental com ingresso no ano letivo de 2024, que tem in\u00edcio em 5 de fevereiro.&nbsp; As inscri\u00e7\u00f5es, que&nbsp;ocorrem de forma online atrav\u00e9s do site do col\u00e9gio, ficar\u00e3o abertas das 8h [&hellip;]<\/p>\n","protected":false},"author":1,"featured_media":4139,"comment_status":"open","ping_status":"open","sticky":false,"template":"","format":"standard","meta":{"footnotes":""},"categories":[10],"tags":[],"class_list":{"0":"post-4138","1":"post","2":"type-post","3":"status-publish","4":"format-standard","5":"has-post-thumbnail","7":"category-theme-features"},"_links":{"self":[{"href":"https:\/\/nordesteimprensa.com.br\/index.php\/wp-json\/wp\/v2\/posts\/4138","targetHints":{"allow":["GET"]}}],"collection":[{"href":"https:\/\/nordesteimprensa.com.br\/index.php\/wp-json\/wp\/v2\/posts"}],"about":[{"href":"https:\/\/nordesteimprensa.com.br\/index.php\/wp-json\/wp\/v2\/types\/post"}],"author":[{"embeddable":true,"href":"https:\/\/nordesteimprensa.com.br\/index.php\/wp-json\/wp\/v2\/users\/1"}],"replies":[{"embeddable":true,"href":"https:\/\/nordesteimprensa.com.br\/index.php\/wp-json\/wp\/v2\/comments?post=4138"}],"version-history":[{"count":1,"href":"https:\/\/nordesteimprensa.com.br\/index.php\/wp-json\/wp\/v2\/posts\/4138\/revisions"}],"predecessor-version":[{"id":4140,"href":"https:\/\/nordesteimprensa.com.br\/index.php\/wp-json\/wp\/v2\/posts\/4138\/revisions\/4140"}],"wp:featuredmedia":[{"embeddable":true,"href":"https:\/\/nordesteimprensa.com.br\/index.php\/wp-json\/wp\/v2\/media\/4139"}],"wp:attachment":[{"href":"https:\/\/nordesteimprensa.com.br\/index.php\/wp-json\/wp\/v2\/media?parent=4138"}],"wp:term":[{"taxonomy":"category","embeddable":true,"href":"https:\/\/nordesteimprensa.com.br\/index.php\/wp-json\/wp\/v2\/categories?post=4138"},{"taxonomy":"post_tag","embeddable":true,"href":"https:\/\/nordesteimprensa.com.br\/index.php\/wp-json\/wp\/v2\/tags?post=4138"}],"curies":[{"name":"wp","href":"https:\/\/api.w.org\/{rel}","templated":true}]}}