{"id":4142,"date":"2024-01-10T15:34:24","date_gmt":"2024-01-10T18:34:24","guid":{"rendered":"https:\/\/nordesteimprensa.com.br\/?p=4142"},"modified":"2024-01-10T15:34:24","modified_gmt":"2024-01-10T18:34:24","slug":"colisao-em-siriri-deixa-um-homem-ferido-o-trecho-e-o-mesmo-onde-tres-pessoas-morreram-na-semana-passada","status":"publish","type":"post","link":"https:\/\/nordesteimprensa.com.br\/index.php\/2024\/01\/10\/colisao-em-siriri-deixa-um-homem-ferido-o-trecho-e-o-mesmo-onde-tres-pessoas-morreram-na-semana-passada\/","title":{"rendered":"Colis\u00e3o em Siriri deixa um homem ferido; o trecho \u00e9 o mesmo onde tr\u00eas pessoas morreram na semana passada"},"content":{"rendered":"\n<p>Um homem ficou ferido ap\u00f3s a colis\u00e3o de dois carros na manh\u00e3 desta quarta-feira (10), na rodovia estadual SE-230, no Povoado Sabin\u00f3polis, entre os munic\u00edpios de&nbsp;<a class=\"\" href=\"https:\/\/g1.globo.com\/se\/sergipe\/cidade\/siriri\/\">Siriri<\/a>&nbsp;e Nossa Senhora das Dores. O trecho \u00e9 o mesmo onde na \u00faltima semana&nbsp;<a class=\"\" href=\"https:\/\/g1.globo.com\/se\/sergipe\/noticia\/2024\/01\/05\/homem-morre-e-tres-pessoas-ficam-feridas-apos-veiculo-capotar-em-siriri.ghtml\">tr\u00eas pessoas morreram e cinco ficaram feridas<\/a>.&nbsp;<\/p>\n\n\n\n<p><\/p>\n\n\n\n<p>De acordo com a Pol\u00edcia Militar, no acidente desta quarta, os ve\u00edculos seguiam em dire\u00e7\u00f5es contr\u00e1rias quando um deles acabou derrapando e invadiu a contram\u00e3o. O motorista de um dos carros ficou ferido e foi socorrido pelo Servi\u00e7o de Atendimento M\u00f3vel de Urg\u00eancia (Samu). O outro motorista permaneceu no local do acidente.&nbsp;<\/p>\n\n\n\n<p>O&nbsp;<strong>g1<\/strong>&nbsp;procurou o Batalh\u00e3o de Pol\u00edcia Rodovi\u00e1ria Estadual (BPRv) para um posicionamento sobre tantos registros de acidentes no mesmo local, mas at\u00e9 o fechamento da mat\u00e9ria n\u00e3o obteve retorno.<\/p>\n\n\n\n<p>fonte: G1 <\/p>\n\n\n\n<p><\/p>\n\n\n\n<p><\/p>\n\n\n\n<p><\/p>\n\n\n\n<p><\/p>\n","protected":false},"excerpt":{"rendered":"<p>Um homem ficou ferido ap\u00f3s a colis\u00e3o de dois carros na manh\u00e3 desta quarta-feira (10), na rodovia estadual SE-230, no Povoado Sabin\u00f3polis, entre os munic\u00edpios de&nbsp;Siriri&nbsp;e Nossa Senhora das Dores. O trecho \u00e9 o mesmo onde na \u00faltima semana&nbsp;tr\u00eas pessoas morreram e cinco ficaram feridas.&nbsp; De acordo com a Pol\u00edcia Militar, no acidente desta quarta, [&hellip;]<\/p>\n","protected":false},"author":1,"featured_media":4143,"comment_status":"open","ping_status":"open","sticky":false,"template":"","format":"standard","meta":{"footnotes":""},"categories":[10],"tags":[],"class_list":{"0":"post-4142","1":"post","2":"type-post","3":"status-publish","4":"format-standard","5":"has-post-thumbnail","7":"category-theme-features"},"_links":{"self":[{"href":"https:\/\/nordesteimprensa.com.br\/index.php\/wp-json\/wp\/v2\/posts\/4142","targetHints":{"allow":["GET"]}}],"collection":[{"href":"https:\/\/nordesteimprensa.com.br\/index.php\/wp-json\/wp\/v2\/posts"}],"about":[{"href":"https:\/\/nordesteimprensa.com.br\/index.php\/wp-json\/wp\/v2\/types\/post"}],"author":[{"embeddable":true,"href":"https:\/\/nordesteimprensa.com.br\/index.php\/wp-json\/wp\/v2\/users\/1"}],"replies":[{"embeddable":true,"href":"https:\/\/nordesteimprensa.com.br\/index.php\/wp-json\/wp\/v2\/comments?post=4142"}],"version-history":[{"count":1,"href":"https:\/\/nordesteimprensa.com.br\/index.php\/wp-json\/wp\/v2\/posts\/4142\/revisions"}],"predecessor-version":[{"id":4144,"href":"https:\/\/nordesteimprensa.com.br\/index.php\/wp-json\/wp\/v2\/posts\/4142\/revisions\/4144"}],"wp:featuredmedia":[{"embeddable":true,"href":"https:\/\/nordesteimprensa.com.br\/index.php\/wp-json\/wp\/v2\/media\/4143"}],"wp:attachment":[{"href":"https:\/\/nordesteimprensa.com.br\/index.php\/wp-json\/wp\/v2\/media?parent=4142"}],"wp:term":[{"taxonomy":"category","embeddable":true,"href":"https:\/\/nordesteimprensa.com.br\/index.php\/wp-json\/wp\/v2\/categories?post=4142"},{"taxonomy":"post_tag","embeddable":true,"href":"https:\/\/nordesteimprensa.com.br\/index.php\/wp-json\/wp\/v2\/tags?post=4142"}],"curies":[{"name":"wp","href":"https:\/\/api.w.org\/{rel}","templated":true}]}}