{"id":4145,"date":"2024-01-10T15:35:29","date_gmt":"2024-01-10T18:35:29","guid":{"rendered":"https:\/\/nordesteimprensa.com.br\/?p=4145"},"modified":"2024-01-10T15:35:29","modified_gmt":"2024-01-10T18:35:29","slug":"policial-civil-de-se-morre-apos-acidente-com-caminhao-em-joao-pessoa","status":"publish","type":"post","link":"https:\/\/nordesteimprensa.com.br\/index.php\/2024\/01\/10\/policial-civil-de-se-morre-apos-acidente-com-caminhao-em-joao-pessoa\/","title":{"rendered":"Policial civil de SE morre ap\u00f3s acidente com caminh\u00e3o em Jo\u00e3o Pessoa"},"content":{"rendered":"\n<p>Morreu aos 58 anos, o policial civil sergipano Jorge Luis dos Santos ap\u00f3s um acidente com um caminh\u00e3o em Jo\u00e3o Pessoa, na Para\u00edba. As primeiras informa\u00e7\u00f5es d\u00e3o conta que ele foi atingido pelo ve\u00edculo em uma via da cidade. As circunst\u00e2ncias da morte ainda ser\u00e3o investigadas pela pol\u00edcia.<\/p>\n\n\n\n<p>A Secretaria de Seguran\u00e7a P\u00fablica de Sergipe (SSP-SE) divulgou uma nota de pesar lamentando o falecimento de Jorge Lu\u00eds. \u201cO secret\u00e1rio da seguran\u00e7a p\u00fablica, Jo\u00e3o Eloy, lamenta profundamente o falecimento do policial civil Jorge Luis dos Santos, de 58 anos. Ele faleceu nesta quarta-feira, 10. O policial civil Jorge Luis dos Santos foi lotado no Cope e nas 1\u00aa e 2\u00aa delegacias metropolitanas. Atualmente estava lotado no Nitelcom do Ciosp\u201d, diz um trecho do comunicado.<\/p>\n\n\n\n<p>Ainda segundo a SSP, na maior parte do seu tempo de servi\u00e7o ele trabalhou na manuten\u00e7\u00e3o dos aparelhos de comunica\u00e7\u00e3o da Pol\u00edcia Civil, no antigo Ditel. Ao todo, foram 39 anos de servi\u00e7os.<\/p>\n\n\n\n<p>fonte: Infonet<\/p>\n\n\n\n<p><\/p>\n\n\n\n<p><\/p>\n\n\n\n<p><\/p>\n","protected":false},"excerpt":{"rendered":"<p>Morreu aos 58 anos, o policial civil sergipano Jorge Luis dos Santos ap\u00f3s um acidente com um caminh\u00e3o em Jo\u00e3o Pessoa, na Para\u00edba. As primeiras informa\u00e7\u00f5es d\u00e3o conta que ele foi atingido pelo ve\u00edculo em uma via da cidade. As circunst\u00e2ncias da morte ainda ser\u00e3o investigadas pela pol\u00edcia. A Secretaria de Seguran\u00e7a P\u00fablica de Sergipe [&hellip;]<\/p>\n","protected":false},"author":1,"featured_media":4146,"comment_status":"open","ping_status":"open","sticky":false,"template":"","format":"standard","meta":{"footnotes":""},"categories":[10],"tags":[],"class_list":{"0":"post-4145","1":"post","2":"type-post","3":"status-publish","4":"format-standard","5":"has-post-thumbnail","7":"category-theme-features"},"_links":{"self":[{"href":"https:\/\/nordesteimprensa.com.br\/index.php\/wp-json\/wp\/v2\/posts\/4145","targetHints":{"allow":["GET"]}}],"collection":[{"href":"https:\/\/nordesteimprensa.com.br\/index.php\/wp-json\/wp\/v2\/posts"}],"about":[{"href":"https:\/\/nordesteimprensa.com.br\/index.php\/wp-json\/wp\/v2\/types\/post"}],"author":[{"embeddable":true,"href":"https:\/\/nordesteimprensa.com.br\/index.php\/wp-json\/wp\/v2\/users\/1"}],"replies":[{"embeddable":true,"href":"https:\/\/nordesteimprensa.com.br\/index.php\/wp-json\/wp\/v2\/comments?post=4145"}],"version-history":[{"count":1,"href":"https:\/\/nordesteimprensa.com.br\/index.php\/wp-json\/wp\/v2\/posts\/4145\/revisions"}],"predecessor-version":[{"id":4147,"href":"https:\/\/nordesteimprensa.com.br\/index.php\/wp-json\/wp\/v2\/posts\/4145\/revisions\/4147"}],"wp:featuredmedia":[{"embeddable":true,"href":"https:\/\/nordesteimprensa.com.br\/index.php\/wp-json\/wp\/v2\/media\/4146"}],"wp:attachment":[{"href":"https:\/\/nordesteimprensa.com.br\/index.php\/wp-json\/wp\/v2\/media?parent=4145"}],"wp:term":[{"taxonomy":"category","embeddable":true,"href":"https:\/\/nordesteimprensa.com.br\/index.php\/wp-json\/wp\/v2\/categories?post=4145"},{"taxonomy":"post_tag","embeddable":true,"href":"https:\/\/nordesteimprensa.com.br\/index.php\/wp-json\/wp\/v2\/tags?post=4145"}],"curies":[{"name":"wp","href":"https:\/\/api.w.org\/{rel}","templated":true}]}}