{"id":4160,"date":"2024-01-13T15:40:29","date_gmt":"2024-01-13T18:40:29","guid":{"rendered":"https:\/\/nordesteimprensa.com.br\/?p=4160"},"modified":"2024-01-13T15:40:54","modified_gmt":"2024-01-13T18:40:54","slug":"corpos-de-familia-vitima-de-acidente-na-ba-estao-sendo-velados-em-sergipe","status":"publish","type":"post","link":"https:\/\/nordesteimprensa.com.br\/index.php\/2024\/01\/13\/corpos-de-familia-vitima-de-acidente-na-ba-estao-sendo-velados-em-sergipe\/","title":{"rendered":"Corpos de fam\u00edlia v\u00edtima de acidente na BA est\u00e3o sendo velados em Sergipe"},"content":{"rendered":"\n<p>Os corpos da fam\u00edlia que foi v\u00edtima de&nbsp;<a class=\"\" href=\"https:\/\/g1.globo.com\/ba\/bahia\/noticia\/2024\/01\/11\/acidente-com-mortos-na-br-116-na-bahia.ghtml\">um acidente na BR-116 entre as cidades de Po\u00e7\u00f5es e Planalto na Bahia&nbsp;<\/a>est\u00e3o sendo velados no Gin\u00e1sio de Esportes da cidade de Sim\u00e3o Dias (SE). Eles chegaram durante o \u00edn\u00edcio da manh\u00e3 deste s\u00e1bado (13). O carro em que viajavam bateu de frente com um caminh\u00e3o.&nbsp;<\/p>\n\n\n\n<p><\/p>\n\n\n\n<p>Segundo familiares, as v\u00edtimas s\u00e3o o casal Tainara Rabelo, de 26 anos e Jos\u00e9 Edson J\u00fanior, 29; o filho deles Kau\u00e3 Gabriel Carvalho de Andrade, de 8 anos e Jos\u00e9 Guilherme de Oliveira Carvalho, 20 anos, irm\u00e3o da mulher.&nbsp;<\/p>\n\n\n\n<p>Em entrevista ao g1, um primo das v\u00edtimas, Jos\u00e9 Ribeiro da Silva J\u00fanior, contou que a fam\u00edlia saiu de Sim\u00e3o Dias no dia 19 de dezembro para passar as festas de fim de ano no litoral paulista. O acidente aconteceu quando eles retornavam para Sergipe.&nbsp;<\/p>\n\n\n\n<p>O sepultamento est\u00e1 previsto para \u00e0s 16h, no Cemit\u00e9rio S\u00e3o Jo\u00e3o Batista, tamb\u00e9m em Sim\u00e3o Dias.<\/p>\n\n\n\n<p>fonte: G1<\/p>\n\n\n\n<p><\/p>\n\n\n\n<p><\/p>\n\n\n\n<p><\/p>\n","protected":false},"excerpt":{"rendered":"<p>Os corpos da fam\u00edlia que foi v\u00edtima de&nbsp;um acidente na BR-116 entre as cidades de Po\u00e7\u00f5es e Planalto na Bahia&nbsp;est\u00e3o sendo velados no Gin\u00e1sio de Esportes da cidade de Sim\u00e3o Dias (SE). Eles chegaram durante o \u00edn\u00edcio da manh\u00e3 deste s\u00e1bado (13). O carro em que viajavam bateu de frente com um caminh\u00e3o.&nbsp; Segundo familiares, [&hellip;]<\/p>\n","protected":false},"author":1,"featured_media":4161,"comment_status":"open","ping_status":"open","sticky":false,"template":"","format":"standard","meta":{"footnotes":""},"categories":[10],"tags":[],"class_list":{"0":"post-4160","1":"post","2":"type-post","3":"status-publish","4":"format-standard","5":"has-post-thumbnail","7":"category-theme-features"},"_links":{"self":[{"href":"https:\/\/nordesteimprensa.com.br\/index.php\/wp-json\/wp\/v2\/posts\/4160","targetHints":{"allow":["GET"]}}],"collection":[{"href":"https:\/\/nordesteimprensa.com.br\/index.php\/wp-json\/wp\/v2\/posts"}],"about":[{"href":"https:\/\/nordesteimprensa.com.br\/index.php\/wp-json\/wp\/v2\/types\/post"}],"author":[{"embeddable":true,"href":"https:\/\/nordesteimprensa.com.br\/index.php\/wp-json\/wp\/v2\/users\/1"}],"replies":[{"embeddable":true,"href":"https:\/\/nordesteimprensa.com.br\/index.php\/wp-json\/wp\/v2\/comments?post=4160"}],"version-history":[{"count":2,"href":"https:\/\/nordesteimprensa.com.br\/index.php\/wp-json\/wp\/v2\/posts\/4160\/revisions"}],"predecessor-version":[{"id":4163,"href":"https:\/\/nordesteimprensa.com.br\/index.php\/wp-json\/wp\/v2\/posts\/4160\/revisions\/4163"}],"wp:featuredmedia":[{"embeddable":true,"href":"https:\/\/nordesteimprensa.com.br\/index.php\/wp-json\/wp\/v2\/media\/4161"}],"wp:attachment":[{"href":"https:\/\/nordesteimprensa.com.br\/index.php\/wp-json\/wp\/v2\/media?parent=4160"}],"wp:term":[{"taxonomy":"category","embeddable":true,"href":"https:\/\/nordesteimprensa.com.br\/index.php\/wp-json\/wp\/v2\/categories?post=4160"},{"taxonomy":"post_tag","embeddable":true,"href":"https:\/\/nordesteimprensa.com.br\/index.php\/wp-json\/wp\/v2\/tags?post=4160"}],"curies":[{"name":"wp","href":"https:\/\/api.w.org\/{rel}","templated":true}]}}